{"id":2458,"date":"2026-02-11T18:23:23","date_gmt":"2026-02-11T18:23:23","guid":{"rendered":"https:\/\/www.newsrecorder.ro\/app\/2026\/02\/11\/candidatul-la-presedintie-face-o-promisiune-socanta-bombardamente-externe\/"},"modified":"2026-02-11T18:23:23","modified_gmt":"2026-02-11T18:23:23","slug":"candidatul-la-presedintie-face-o-promisiune-socanta-bombardamente-externe","status":"publish","type":"post","link":"https:\/\/www.newsrecorder.ro\/app\/2026\/02\/11\/candidatul-la-presedintie-face-o-promisiune-socanta-bombardamente-externe\/","title":{"rendered":"Candidatul la pre\u0219edin\u021bie face o promisiune \u0219ocant\u0103: bombardamente externe!"},"content":{"rendered":"<p>Abelardo de la Espriella, un politician columbian, a provocat o reac\u021bie puternic\u0103 prin declara\u021biile sale recente, \u00een care a solicitat sprijinul Statelor Unite \u0219i al Israelului pentru a bombarda \u021bara sa, conform unui articol publicat de <a href=\"https:\/\/www.lefigaro.fr\/flash-actu\/colombie-le-candidat-de-droite-a-la-presidentielle-s-engage-a-bombarder-les-narcotrafiquants-avec-le-soutien-des-etats-unis-20260211\" target=\"_blank\" rel=\"noopener\">Le Figaro<\/a>. Candidatul de dreapta, care aspir\u0103 la func\u021bia de pre\u0219edinte, consider\u0103 c\u0103 acest demers ar putea fi solu\u021bia eficient\u0103 \u00een lupta \u00eempotriva trafican\u021bilor de droguri.<\/p>\n<p>Declara\u021biile sale controversate au fost f\u0103cute \u00eenainte de alegerile din Columbia, c\u00e2nd a promis c\u0103 va utiliza for\u021ba aerian\u0103 pentru a combate cartelurile de droguri, cu ajutorul Statelor Unite.<\/p>\n<p>\u00centr-un interviu acordat agen\u021biei AFP, Abelardo de la Espriella a detaliat planurile sale, afirm\u00e2nd c\u0103, \u00een primele 90 de zile ale mandatului s\u0103u, va lansa o ofensiv\u0103 aerian\u0103 destinat\u0103 s\u0103 \u00eenfrunte \u0219i s\u0103 distrug\u0103 re\u021belele de trafic de droguri, av\u00e2nd sprijinul partenerilor interna\u021bionali.<\/p>\n<p>De la sediul s\u0103u de campanie din Bogot\u00e1, el a subliniat importan\u021ba unui \u201eplan \u0219oc\u201d menit s\u0103 rec\u00e2\u0219tige controlul asupra unor regiuni extinse din \u021bar\u0103, care sunt acum sub influen\u021ba gherilelor \u0219i a trafican\u021bilor de droguri.<\/p>\n<p>Avocat de profesie \u0219i cunoscut sub apelativul \u201eTigrul\u201d, politicianul de 47 de ani a promis, de asemenea, c\u0103 va ac\u021biona drastic \u00eempotriva planta\u021biilor de coca, subliniind c\u0103 Columbia este cel mai mare produc\u0103tor mondial de cocain\u0103.<\/p>\n","protected":false},"excerpt":{"rendered":"<p>Abelardo de la Espriella, un politician columbian, a provocat o reac\u021bie puternic\u0103 prin declara\u021biile sale recente, \u00een care a solicitat sprijinul Statelor Unite \u0219i al Israelului pentru a bombarda \u021bara sa, conform unui articol publicat de Le Figaro. Candidatul de dreapta, care aspir\u0103 la func\u021bia de pre\u0219edinte, consider\u0103 c\u0103 acest demers ar putea fi solu\u021bia [&hellip;]<\/p>\n","protected":false},"author":2,"featured_media":2459,"comment_status":"open","ping_status":"open","sticky":false,"template":"","format":"standard","meta":{"jnews-multi-image_gallery":[],"jnews_single_post":[],"jnews_primary_category":[],"jnews_override_counter":[],"footnotes":""},"categories":[42],"tags":[4262,1042,4266,4263,4264,269,4265,555],"class_list":["post-2458","post","type-post","status-publish","format-standard","has-post-thumbnail","hentry","category-politica","tag-abelardo-de-la-espriella","tag-alegeri","tag-carteluri","tag-columbia","tag-forta-aeriana","tag-politica","tag-sprijin-international","tag-trafic-de-droguri"],"_links":{"self":[{"href":"https:\/\/www.newsrecorder.ro\/app\/wp-json\/wp\/v2\/posts\/2458","targetHints":{"allow":["GET"]}}],"collection":[{"href":"https:\/\/www.newsrecorder.ro\/app\/wp-json\/wp\/v2\/posts"}],"about":[{"href":"https:\/\/www.newsrecorder.ro\/app\/wp-json\/wp\/v2\/types\/post"}],"author":[{"embeddable":true,"href":"https:\/\/www.newsrecorder.ro\/app\/wp-json\/wp\/v2\/users\/2"}],"replies":[{"embeddable":true,"href":"https:\/\/www.newsrecorder.ro\/app\/wp-json\/wp\/v2\/comments?post=2458"}],"version-history":[{"count":0,"href":"https:\/\/www.newsrecorder.ro\/app\/wp-json\/wp\/v2\/posts\/2458\/revisions"}],"wp:featuredmedia":[{"embeddable":true,"href":"https:\/\/www.newsrecorder.ro\/app\/wp-json\/wp\/v2\/media\/2459"}],"wp:attachment":[{"href":"https:\/\/www.newsrecorder.ro\/app\/wp-json\/wp\/v2\/media?parent=2458"}],"wp:term":[{"taxonomy":"category","embeddable":true,"href":"https:\/\/www.newsrecorder.ro\/app\/wp-json\/wp\/v2\/categories?post=2458"},{"taxonomy":"post_tag","embeddable":true,"href":"https:\/\/www.newsrecorder.ro\/app\/wp-json\/wp\/v2\/tags?post=2458"}],"curies":[{"name":"wp","href":"https:\/\/api.w.org\/{rel}","templated":true}]}}