{"id":2466,"date":"2026-02-11T18:24:25","date_gmt":"2026-02-11T18:24:25","guid":{"rendered":"https:\/\/www.newsrecorder.ro\/app\/2026\/02\/11\/nicusor-dan-investitii-americane-in-romania-raman-pe-agenda-viitoare\/"},"modified":"2026-02-11T18:24:25","modified_gmt":"2026-02-11T18:24:25","slug":"nicusor-dan-investitii-americane-in-romania-raman-pe-agenda-viitoare","status":"publish","type":"post","link":"https:\/\/www.newsrecorder.ro\/app\/2026\/02\/11\/nicusor-dan-investitii-americane-in-romania-raman-pe-agenda-viitoare\/","title":{"rendered":"Nicu\u0219or Dan: Investi\u021bii americane \u00een Rom\u00e2nia r\u0103m\u00e2n pe agenda viitoare!"},"content":{"rendered":"<p>\u00centr-un mesaj postat pe pagina sa oficial\u0103 de Facebook, pre\u0219edintele Nicu\u0219or Dan a transmis un semnal pozitiv \u00een ceea ce prive\u0219te inten\u021biile companiilor americane de a continua s\u0103 investeasc\u0103 \u00een Rom\u00e2nia. El a subliniat c\u0103 exist\u0103 premise solide pentru consolidarea rela\u021biei economice bilaterale \u00een anii ce urmeaz\u0103.<\/p>\n<p>\u00centrevederea, desf\u0103\u0219urat\u0103 mar\u021bi, a abordat subiecte esen\u021biale pentru mediul de afaceri. Printre acestea s-au num\u0103rat asigurarea unui cadru economic stabil \u0219i predictibil, cooperarea \u00een domeniul energiei, accesul \u0219i valorificarea materiilor prime critice, colaborarea \u00een sectorul s\u0103n\u0103t\u0103\u021bii, dar \u0219i transform\u0103rile semnificative pe care le traverseaz\u0103 industria IT din Rom\u00e2nia.<\/p>\n<p>Nicu\u0219or Dan a accentuat importan\u021ba de a \u00eent\u0103ri relevan\u021ba Rom\u00e2niei \u00een regiune prin atragerea de investi\u021bii americane, av\u00e2nd \u00een vedere repozition\u0103rile economice globale \u0219i necesitatea diversific\u0103rii lan\u021burilor de aprovizionare. El a men\u021bionat: \u201eLe-am transmis companiilor americane c\u0103 suntem complet deschi\u0219i s\u0103 valorific\u0103m orice oportunit\u0103\u021bi de afaceri, av\u00e2nd \u00een vedere c\u0103 Rom\u00e2nia se afl\u0103 la intersec\u021bia unor rute energetice \u0219i comerciale globale deosebit de importante.\u201d<\/p>\n<p>Prin aceste ini\u021biative, se sper\u0103 c\u0103 Rom\u00e2nia va deveni un punct de atrac\u021bie pentru investitorii interna\u021bionali, consolid\u00e2ndu-\u0219i astfel pozi\u021bia pe pia\u021ba global\u0103.<\/p>\n","protected":false},"excerpt":{"rendered":"<p>\u00centr-un mesaj postat pe pagina sa oficial\u0103 de Facebook, pre\u0219edintele Nicu\u0219or Dan a transmis un semnal pozitiv \u00een ceea ce prive\u0219te inten\u021biile companiilor americane de a continua s\u0103 investeasc\u0103 \u00een Rom\u00e2nia. El a subliniat c\u0103 exist\u0103 premise solide pentru consolidarea rela\u021biei economice bilaterale \u00een anii ce urmeaz\u0103. \u00centrevederea, desf\u0103\u0219urat\u0103 mar\u021bi, a abordat subiecte esen\u021biale pentru [&hellip;]<\/p>\n","protected":false},"author":2,"featured_media":2467,"comment_status":"open","ping_status":"open","sticky":false,"template":"","format":"standard","meta":{"jnews-multi-image_gallery":[],"jnews_single_post":[],"jnews_primary_category":[],"jnews_override_counter":[],"footnotes":""},"categories":[42],"tags":[4062,4279,4277,4275,4278,4276,286,3783],"class_list":["post-2466","post","type-post","status-publish","format-standard","has-post-thumbnail","hentry","category-politica","tag-cooperare-energetica","tag-diversificarea-lanturilor-de-aprovizionare","tag-industrie-it","tag-investitii-americane","tag-materii-prime-critice","tag-mediu-de-afaceri","tag-nicusor-dan","tag-relatii-economice"],"_links":{"self":[{"href":"https:\/\/www.newsrecorder.ro\/app\/wp-json\/wp\/v2\/posts\/2466","targetHints":{"allow":["GET"]}}],"collection":[{"href":"https:\/\/www.newsrecorder.ro\/app\/wp-json\/wp\/v2\/posts"}],"about":[{"href":"https:\/\/www.newsrecorder.ro\/app\/wp-json\/wp\/v2\/types\/post"}],"author":[{"embeddable":true,"href":"https:\/\/www.newsrecorder.ro\/app\/wp-json\/wp\/v2\/users\/2"}],"replies":[{"embeddable":true,"href":"https:\/\/www.newsrecorder.ro\/app\/wp-json\/wp\/v2\/comments?post=2466"}],"version-history":[{"count":0,"href":"https:\/\/www.newsrecorder.ro\/app\/wp-json\/wp\/v2\/posts\/2466\/revisions"}],"wp:featuredmedia":[{"embeddable":true,"href":"https:\/\/www.newsrecorder.ro\/app\/wp-json\/wp\/v2\/media\/2467"}],"wp:attachment":[{"href":"https:\/\/www.newsrecorder.ro\/app\/wp-json\/wp\/v2\/media?parent=2466"}],"wp:term":[{"taxonomy":"category","embeddable":true,"href":"https:\/\/www.newsrecorder.ro\/app\/wp-json\/wp\/v2\/categories?post=2466"},{"taxonomy":"post_tag","embeddable":true,"href":"https:\/\/www.newsrecorder.ro\/app\/wp-json\/wp\/v2\/tags?post=2466"}],"curies":[{"name":"wp","href":"https:\/\/api.w.org\/{rel}","templated":true}]}}