{"id":2468,"date":"2026-02-11T18:24:46","date_gmt":"2026-02-11T18:24:46","guid":{"rendered":"https:\/\/www.newsrecorder.ro\/app\/2026\/02\/11\/nicusor-dan-se-alatura-reuniunii-de-top-a-consiliului-european-in-belgia\/"},"modified":"2026-02-11T18:24:46","modified_gmt":"2026-02-11T18:24:46","slug":"nicusor-dan-se-alatura-reuniunii-de-top-a-consiliului-european-in-belgia","status":"publish","type":"post","link":"https:\/\/www.newsrecorder.ro\/app\/2026\/02\/11\/nicusor-dan-se-alatura-reuniunii-de-top-a-consiliului-european-in-belgia\/","title":{"rendered":"Nicu\u0219or Dan se al\u0103tur\u0103 reuniunii de top a Consiliului European \u00een Belgia"},"content":{"rendered":"<p>Pre\u0219edintele Rom\u00e2niei, Nicu\u0219or Dan, va participa joi la o reuniune informal\u0103 a Consiliului European, g\u0103zduit\u0103 de pre\u0219edintele Ant\u00f3nio Costa la Castelul Alden Biesen din Belgia.<\/p>\n<p>Scopul principal al acestei \u00eent\u00e2lniri este de a explora modalit\u0103\u021bile prin care Uniunea European\u0103 poate asigura o prosperitate sporit\u0103, servicii de calitate \u0219i un trai mai bun pentru cet\u0103\u021beni, conform <a href=\"https:\/\/www.presidency.ro\/ro\/media\/comunicate-de-presa\/participarea-presedintelui-romaniei-nicusor-dan-la-reuniunea-informala-a-liderilor-din-cadrul-consiliului-european\">comunicatului oficial<\/a>.<\/p>\n<p>Liderii europeni vor discuta despre consolidarea Pie\u021bei Unice \u0219i sporirea competitivit\u0103\u021bii economice a Uniunii Europene pe parcursul acestei \u00eent\u00e2lniri.<\/p>\n<p>Printre subiectele de pe agenda reuniunii se num\u0103r\u0103 sprijinul pentru industria european\u0103, dezvoltarea autonomiei strategice, reducerea birocra\u021biei \u0219i eliminarea barierelor \u00eentre statele membre. De asemenea, se va pune accent pe simplificarea legisla\u021biei, precum \u0219i pe stimularea investi\u021biilor \u0219i inova\u021biei pentru a sus\u021bine economiile europene.<\/p>\n<p>\u00cenainte de reuniune, Nicu\u0219or Dan a solicitat puncte de vedere de la institu\u021biile responsabile \u00een domeniul afacerilor europene, pentru a \u00een\u021belege pozi\u021bia actual\u0103 a Rom\u00e2niei. Consult\u0103rile au avut loc la Palatul Cotroceni, unde au participat ministrul Finan\u021belor, Alexandru Nazare, ministrul Investi\u021biilor \u0219i Proiectelor Europene, Drago\u0219 P\u00eeslaru, ministrul Economiei, Irineu Dar\u0103u, al\u0103turi de reprezentan\u021bi ai Ministerului Energiei, Ministerului Afacerilor Externe \u0219i B\u0103ncii Na\u021bionale a Rom\u00e2niei.<\/p>\n<p>Aceste consult\u0103ri sunt o practic\u0103 obi\u0219nuit\u0103 \u00eenainte de reuniunile Consiliului European dedicate temelor economice.<\/p>\n<p>\u00cen cadrul \u00eent\u00e2lnirii din 12 februarie, pre\u0219edintele va aborda interesele Rom\u00e2niei \u00een ceea ce prive\u0219te dezvoltarea economic\u0103 \u0219i competitivitatea, pled\u00e2nd pentru \u00eent\u0103rirea acestora, atragerea de investi\u021bii \u0219i valorificarea oportunit\u0103\u021bilor comerciale generate de acordurile recente ale Uniunii Europene.<\/p>\n<p>Nicu\u0219or Dan va sus\u021bine, de asemenea, necesitatea simplific\u0103rii procedurilor administrative pentru mediul de afaceri, astfel \u00eenc\u00e2t firmele rom\u00e2ne\u0219ti s\u0103 aib\u0103 capacitatea de a investi mai mult \u0219i de a se extinde pe pia\u021ba european\u0103.<\/p>\n<p>Rom\u00e2nia va promova solu\u021bii menite s\u0103 reduc\u0103 dependen\u021bele strategice prin parteneriate interna\u021bionale, \u00een special \u00een sectorul materiilor prime critice.<\/p>\n<p>\u00cen ceea ce prive\u0219te domeniul energiei, pre\u0219edintele va sublinia c\u0103 reducerea costurilor pentru cet\u0103\u021beni \u0219i companii depinde de consolidarea Uniunii Energiei \u0219i de o interconectare mai eficient\u0103 a re\u021belelor europene.<\/p>\n<p>\u00cen plus, el va solicita perioade de tranzi\u021bie mai lungi pentru implementarea politicilor de mediu, astfel \u00eenc\u00e2t acestea s\u0103 nu afecteze negativ economia na\u021bional\u0103.<\/p>\n","protected":false},"excerpt":{"rendered":"<p>Pre\u0219edintele Rom\u00e2niei, Nicu\u0219or Dan, va participa joi la o reuniune informal\u0103 a Consiliului European, g\u0103zduit\u0103 de pre\u0219edintele Ant\u00f3nio Costa la Castelul Alden Biesen din Belgia. Scopul principal al acestei \u00eent\u00e2lniri este de a explora modalit\u0103\u021bile prin care Uniunea European\u0103 poate asigura o prosperitate sporit\u0103, servicii de calitate \u0219i un trai mai bun pentru cet\u0103\u021beni, conform [&hellip;]<\/p>\n","protected":false},"author":2,"featured_media":2469,"comment_status":"open","ping_status":"open","sticky":false,"template":"","format":"standard","meta":{"jnews-multi-image_gallery":[],"jnews_single_post":[],"jnews_primary_category":[],"jnews_override_counter":[],"footnotes":""},"categories":[42],"tags":[4282,3998,420,286,4281,4280,149,321],"class_list":["post-2468","post","type-post","status-publish","format-standard","has-post-thumbnail","hentry","category-politica","tag-competitivitate-economica","tag-industrie-europeana","tag-investitii","tag-nicusor-dan","tag-piata-unica","tag-reuniune","tag-romania","tag-uniunea-europeana"],"_links":{"self":[{"href":"https:\/\/www.newsrecorder.ro\/app\/wp-json\/wp\/v2\/posts\/2468","targetHints":{"allow":["GET"]}}],"collection":[{"href":"https:\/\/www.newsrecorder.ro\/app\/wp-json\/wp\/v2\/posts"}],"about":[{"href":"https:\/\/www.newsrecorder.ro\/app\/wp-json\/wp\/v2\/types\/post"}],"author":[{"embeddable":true,"href":"https:\/\/www.newsrecorder.ro\/app\/wp-json\/wp\/v2\/users\/2"}],"replies":[{"embeddable":true,"href":"https:\/\/www.newsrecorder.ro\/app\/wp-json\/wp\/v2\/comments?post=2468"}],"version-history":[{"count":0,"href":"https:\/\/www.newsrecorder.ro\/app\/wp-json\/wp\/v2\/posts\/2468\/revisions"}],"wp:featuredmedia":[{"embeddable":true,"href":"https:\/\/www.newsrecorder.ro\/app\/wp-json\/wp\/v2\/media\/2469"}],"wp:attachment":[{"href":"https:\/\/www.newsrecorder.ro\/app\/wp-json\/wp\/v2\/media?parent=2468"}],"wp:term":[{"taxonomy":"category","embeddable":true,"href":"https:\/\/www.newsrecorder.ro\/app\/wp-json\/wp\/v2\/categories?post=2468"},{"taxonomy":"post_tag","embeddable":true,"href":"https:\/\/www.newsrecorder.ro\/app\/wp-json\/wp\/v2\/tags?post=2468"}],"curies":[{"name":"wp","href":"https:\/\/api.w.org\/{rel}","templated":true}]}}