{"id":2470,"date":"2026-02-11T18:25:01","date_gmt":"2026-02-11T18:25:01","guid":{"rendered":"https:\/\/www.newsrecorder.ro\/app\/2026\/02\/11\/mircea-abrudean-amanarea-ccr-pe-pensiile-magistratilor-afecteaza-romania\/"},"modified":"2026-02-11T18:25:01","modified_gmt":"2026-02-11T18:25:01","slug":"mircea-abrudean-amanarea-ccr-pe-pensiile-magistratilor-afecteaza-romania","status":"publish","type":"post","link":"https:\/\/www.newsrecorder.ro\/app\/2026\/02\/11\/mircea-abrudean-amanarea-ccr-pe-pensiile-magistratilor-afecteaza-romania\/","title":{"rendered":"Mircea Abrudean: &#8222;Am\u00e2narea CCR pe pensiile magistra\u021bilor afecteaz\u0103 Rom\u00e2nia!&#8221;"},"content":{"rendered":"<p>Mircea Abrudean, pre\u0219edintele Senatului Rom\u00e2niei, a exprimat un punct de vedere clar miercuri, printr-o postare pe pagina sa de Facebook, \u00een urma deciziei Cur\u021bii Constitu\u021bionale a Rom\u00e2niei (CCR) de a am\u00e2na pentru 18 februarie 2026 luarea unei decizii cu privire la reforma pensiilor magistra\u021bilor. Aceasta este a cincea am\u00e2nare \u00een acest context.<\/p>\n<p>\u201e231 de milioane de euro! Aceasta este suma pe care Rom\u00e2nia risc\u0103 s\u0103 o piard\u0103 din cauza deciziei CCR de ast\u0103zi de a am\u00e2na, pentru a cincea oar\u0103, reforma pensiilor magistra\u021bilor. (&#8230;) Nu cred c\u0103 mai e nevoie s\u0103 ad\u0103ug\u0103m ceva la asta. Este o situa\u021bie trist\u0103, iar Rom\u00e2nia are de suferit\u201d, a declarat Abrudean, subliniind impactul economic al acestei am\u00e2n\u0103ri.<\/p>\n<p>Pre\u0219edintele Senatului a criticat, de asemenea, decizia judec\u0103torilor CCR, men\u021bion\u00e2nd c\u0103, \u00een ciuda eforturilor depuse de unii pentru a implementa reforme esen\u021biale, exist\u0103 for\u021be care blocheaz\u0103 aceste ini\u021biative. \u201e\u00centr-o Rom\u00e2nie dezbinat\u0103, greu \u00eencercat\u0103, unde o m\u00e2n\u0103 de oameni se chinuie s\u0103 aplice reforme s\u0103n\u0103toase, cerute de rom\u00e2ni, de Europa, de partenerii no\u0219tri, asumate prin PNRR, o alt\u0103 m\u00e2n\u0103 de oameni \u00eengenuncheaz\u0103 orice efort\u201d, a mai ad\u0103ugat el.<\/p>\n<p>\u00cen aceea\u0219i zi, <a style=\"color: #0000ff\" href=\"https:\/\/www.mediafax.ro\/stirile-zilei\/update-ccr-amana-a-cincea-oara-decizia-pe-pensiile-de-serviciu-ale-magistratilor-ce-s-a-decis-in-privinta-sesizarii-cjue-23685113\">judec\u0103torii CCR au decis<\/a> am\u00e2narea pronun\u021b\u0103rii asupra reformei pensiilor magistra\u021bilor pentru 18 februarie 2026, aceasta fiind a cincea oar\u0103 c\u00e2nd procesul este \u00eent\u00e2rziat. Potrivit comunicatului emis de CCR, \u201eAv\u00e2nd \u00een vedere cererea de \u00eentrerupere a deliber\u0103rilor pentru studierea documentelor depuse de autorul sesiz\u0103rii \u00een data de 10 februarie 2026, Curtea Constitu\u021bional\u0103 a decis am\u00e2narea pronun\u021b\u0103rii asupra obiec\u021biei de neconstitu\u021bionalitate a Legii pentru modificarea \u0219i completarea unor acte normative din domeniul pensiilor de serviciu pentru data de 18 februarie 2026\u201d.<\/p>\n","protected":false},"excerpt":{"rendered":"<p>Mircea Abrudean, pre\u0219edintele Senatului Rom\u00e2niei, a exprimat un punct de vedere clar miercuri, printr-o postare pe pagina sa de Facebook, \u00een urma deciziei Cur\u021bii Constitu\u021bionale a Rom\u00e2niei (CCR) de a am\u00e2na pentru 18 februarie 2026 luarea unei decizii cu privire la reforma pensiilor magistra\u021bilor. Aceasta este a cincea am\u00e2nare \u00een acest context. \u201e231 de milioane [&hellip;]<\/p>\n","protected":false},"author":2,"featured_media":2471,"comment_status":"open","ping_status":"open","sticky":false,"template":"","format":"standard","meta":{"jnews-multi-image_gallery":[],"jnews_single_post":[],"jnews_primary_category":[],"jnews_override_counter":[],"footnotes":""},"categories":[42],"tags":[4284,2246,4285,1752,4286,3587,4206,4283],"class_list":["post-2470","post","type-post","status-publish","format-standard","has-post-thumbnail","hentry","category-politica","tag-amanare","tag-curtea-constitutionala","tag-forte-de-blocaj","tag-impact-economic","tag-initiative-esentiale","tag-mircea-abrudean","tag-reforma-pensiilor","tag-senatul-romaniei"],"_links":{"self":[{"href":"https:\/\/www.newsrecorder.ro\/app\/wp-json\/wp\/v2\/posts\/2470","targetHints":{"allow":["GET"]}}],"collection":[{"href":"https:\/\/www.newsrecorder.ro\/app\/wp-json\/wp\/v2\/posts"}],"about":[{"href":"https:\/\/www.newsrecorder.ro\/app\/wp-json\/wp\/v2\/types\/post"}],"author":[{"embeddable":true,"href":"https:\/\/www.newsrecorder.ro\/app\/wp-json\/wp\/v2\/users\/2"}],"replies":[{"embeddable":true,"href":"https:\/\/www.newsrecorder.ro\/app\/wp-json\/wp\/v2\/comments?post=2470"}],"version-history":[{"count":0,"href":"https:\/\/www.newsrecorder.ro\/app\/wp-json\/wp\/v2\/posts\/2470\/revisions"}],"wp:featuredmedia":[{"embeddable":true,"href":"https:\/\/www.newsrecorder.ro\/app\/wp-json\/wp\/v2\/media\/2471"}],"wp:attachment":[{"href":"https:\/\/www.newsrecorder.ro\/app\/wp-json\/wp\/v2\/media?parent=2470"}],"wp:term":[{"taxonomy":"category","embeddable":true,"href":"https:\/\/www.newsrecorder.ro\/app\/wp-json\/wp\/v2\/categories?post=2470"},{"taxonomy":"post_tag","embeddable":true,"href":"https:\/\/www.newsrecorder.ro\/app\/wp-json\/wp\/v2\/tags?post=2470"}],"curies":[{"name":"wp","href":"https:\/\/api.w.org\/{rel}","templated":true}]}}