{"id":2478,"date":"2026-02-11T18:26:18","date_gmt":"2026-02-11T18:26:18","guid":{"rendered":"https:\/\/www.newsrecorder.ro\/app\/2026\/02\/11\/washingtonul-anunta-o-retragere-militara-partiala-din-europa\/"},"modified":"2026-02-11T18:26:18","modified_gmt":"2026-02-11T18:26:18","slug":"washingtonul-anunta-o-retragere-militara-partiala-din-europa","status":"publish","type":"post","link":"https:\/\/www.newsrecorder.ro\/app\/2026\/02\/11\/washingtonul-anunta-o-retragere-militara-partiala-din-europa\/","title":{"rendered":"Washingtonul anun\u021b\u0103 o retragere militar\u0103 par\u021bial\u0103 din Europa!"},"content":{"rendered":"<p>Deciden\u021bii din Statele Unite au transmis liderilor europeni c\u0103 nu trebuie s\u0103 se a\u0219tepte la reduceri semnificative ale trupelor americane \u00een imediata apropiere, conform declara\u021biilor a \u0219apte oficiali americani \u0219i din cadrul NATO pentru <a style=\"color: #0000ff\" href=\"https:\/\/www.politico.com\/news\/2026\/02\/11\/us-signals-limited-military-pullback-from-europe-00773905\" target=\"_blank\" rel=\"noopener\">POLITICO<\/a>.<\/p>\n<p>\u00cengrijor\u0103rile \u00een r\u00e2ndul capitalelor europene cu privire la o posibil\u0103 retragere ampl\u0103 a for\u021belor americane au crescut \u00een momentul \u00een care fostul pre\u0219edinte Donald Trump a solicitat alia\u021bilor s\u0103 contribuie mai mult financiar la ap\u0103rarea proprie. Cu toate acestea, oficialii de la Washington clarific\u0103 acum c\u0103 orice retragere va fi limitat\u0103, conform surselor citate de POLITICO.<\/p>\n<p>Conform planurilor, Washingtonul va efectua modific\u0103ri \u021bintite \u0219i retrageri reduse ale for\u021belor rota\u021bionale, \u00eens\u0103 majoritatea trupelor de lupt\u0103 vor r\u0103m\u00e2ne pe continent.<\/p>\n<p>\u201eAm primit informa\u021bii contradictorii, dar aceast\u0103 administra\u021bie a realizat c\u0103 o Europ\u0103 stabil\u0103 este esen\u021bial\u0103 pentru interesele lor. Semnalele pe care le primim nu sugereaz\u0103 o retragere major\u0103 \u00een acest moment\u201d, a declarat un ofi\u021ber militar NATO pentru POLITICO.<\/p>\n<p>Subiectul retragerii trupelor va fi discutat probabil \u00een cadrul reuniunii mini\u0219trilor ap\u0103r\u0103rii care va avea loc joi la sediul NATO din Bruxelles.<\/p>\n<p>Conform Legii de autorizare a ap\u0103r\u0103rii na\u021bionale a SUA, Washingtonul are obliga\u021bia de a men\u021bine o prezen\u021b\u0103 minim\u0103 de 76.000 de solda\u021bi \u00een Europa. \u00cen prezent, Statele Unite dispun de aproximativ 85.000 de militari pe teritoriul european.<\/p>\n<p>O alt\u0103 surs\u0103 din cadrul NATO a declarat c\u0103 \u201elucrurile vor r\u0103m\u00e2ne neschimbate\u201d \u00een ceea ce prive\u0219te desf\u0103\u0219urarea trupelor, baze aeriene \u0219i poligoanele de antrenament operate de SUA \u00een Europa.<\/p>\n<p>Cu toate acestea, exist\u0103 un plan de retragere a aproximativ 200 de solda\u021bi americani din diverse comenzi europene, de\u0219i implementarea acestuia nu va fi imediat\u0103.<\/p>\n<p>Aceste informa\u021bii sunt parte dintr-un context mai amplu, \u00een care Statele Unite <a style=\"color: #0000ff\" href=\"https:\/\/www.mediafax.ro\/stirile-zilei\/the-new-york-times-sua-preda-o-parte-din-comandamentele-nato-catre-europeni-ce-state-ue-vor-prelua-comanda-de-la-americani-23684868\">vor transfera o parte din comenzile NATO<\/a> c\u0103tre alia\u021bii europeni, \u00een efortul de a sublinia c\u0103 partenerii europeni ai NATO \u00ee\u0219i asum\u0103 un rol mai mare \u00een responsabilit\u0103\u021bile de planificare a r\u0103zboiului conven\u021bional, conform unui comunicat al Alian\u021bei.<\/p>\n","protected":false},"excerpt":{"rendered":"<p>Deciden\u021bii din Statele Unite au transmis liderilor europeni c\u0103 nu trebuie s\u0103 se a\u0219tepte la reduceri semnificative ale trupelor americane \u00een imediata apropiere, conform declara\u021biilor a \u0219apte oficiali americani \u0219i din cadrul NATO pentru POLITICO. \u00cengrijor\u0103rile \u00een r\u00e2ndul capitalelor europene cu privire la o posibil\u0103 retragere ampl\u0103 a for\u021belor americane au crescut \u00een momentul \u00een [&hellip;]<\/p>\n","protected":false},"author":2,"featured_media":2479,"comment_status":"open","ping_status":"open","sticky":false,"template":"","format":"standard","meta":{"jnews-multi-image_gallery":[],"jnews_single_post":[],"jnews_primary_category":[],"jnews_override_counter":[],"footnotes":""},"categories":[41],"tags":[409,2728,4296,4297,380,988,1005,680],"class_list":["post-2478","post","type-post","status-publish","format-standard","has-post-thumbnail","hentry","category-externe","tag-aparare","tag-donatii","tag-europeni","tag-forte-americane","tag-politica-externa","tag-retragere","tag-stabilitate","tag-statele-unite"],"_links":{"self":[{"href":"https:\/\/www.newsrecorder.ro\/app\/wp-json\/wp\/v2\/posts\/2478","targetHints":{"allow":["GET"]}}],"collection":[{"href":"https:\/\/www.newsrecorder.ro\/app\/wp-json\/wp\/v2\/posts"}],"about":[{"href":"https:\/\/www.newsrecorder.ro\/app\/wp-json\/wp\/v2\/types\/post"}],"author":[{"embeddable":true,"href":"https:\/\/www.newsrecorder.ro\/app\/wp-json\/wp\/v2\/users\/2"}],"replies":[{"embeddable":true,"href":"https:\/\/www.newsrecorder.ro\/app\/wp-json\/wp\/v2\/comments?post=2478"}],"version-history":[{"count":0,"href":"https:\/\/www.newsrecorder.ro\/app\/wp-json\/wp\/v2\/posts\/2478\/revisions"}],"wp:featuredmedia":[{"embeddable":true,"href":"https:\/\/www.newsrecorder.ro\/app\/wp-json\/wp\/v2\/media\/2479"}],"wp:attachment":[{"href":"https:\/\/www.newsrecorder.ro\/app\/wp-json\/wp\/v2\/media?parent=2478"}],"wp:term":[{"taxonomy":"category","embeddable":true,"href":"https:\/\/www.newsrecorder.ro\/app\/wp-json\/wp\/v2\/categories?post=2478"},{"taxonomy":"post_tag","embeddable":true,"href":"https:\/\/www.newsrecorder.ro\/app\/wp-json\/wp\/v2\/tags?post=2478"}],"curies":[{"name":"wp","href":"https:\/\/api.w.org\/{rel}","templated":true}]}}