{"id":2482,"date":"2026-02-11T18:27:06","date_gmt":"2026-02-11T18:27:06","guid":{"rendered":"https:\/\/www.newsrecorder.ro\/app\/2026\/02\/11\/thorbjorn-jagland-fost-sef-al-consiliului-europei-isi-pierde-imunitatea\/"},"modified":"2026-02-11T18:27:06","modified_gmt":"2026-02-11T18:27:06","slug":"thorbjorn-jagland-fost-sef-al-consiliului-europei-isi-pierde-imunitatea","status":"publish","type":"post","link":"https:\/\/www.newsrecorder.ro\/app\/2026\/02\/11\/thorbjorn-jagland-fost-sef-al-consiliului-europei-isi-pierde-imunitatea\/","title":{"rendered":"Thorbjorn Jagland, fost \u0219ef al Consiliului Europei, \u00ee\u0219i pierde imunitatea!"},"content":{"rendered":"<p>Anun\u021bul recent al Consiliului Europei a adus \u00een aten\u021bie o serie de conexiuni neobi\u0219nuite \u00eentre personalit\u0103\u021bi norvegiene \u0219i controversatul finan\u021bator american, Jeffrey Epstein. Aceste informa\u021bii au fost dezv\u0103luite prin documente desecretizate \u00een Statele Unite, suger\u00e2nd rela\u021bii mai str\u00e2nse dec\u00e2t s-a crezut anterior.<\/p>\n<p>Printre cei viza\u021bi se num\u0103r\u0103 Thorbj\u00f8rn Jagland, fost pre\u0219edinte al Comitetului Nobel \u0219i al Consiliului Europei, care este sub investiga\u021bie \u00een Norvegia pentru posibile leg\u0103turi cu Epstein. Ancheta se axeaz\u0103 pe perioada \u00een care Jagland a ocupat func\u021bii de conducere, iar suspec\u021biile includ primirea de cadouri, c\u0103l\u0103torii \u0219i \u00eemprumuturi de la Epstein, care ar putea constitui \u00eenc\u0103lc\u0103ri ale normelor etice \u00een exercitarea func\u021biei sale.<\/p>\n<p>Pe l\u00e2ng\u0103 Jagland, poli\u021bia norvegian\u0103 investigheaz\u0103 \u0219i diplomat cu rank \u00eenalt Mona Juul, \u00eempreun\u0103 cu so\u021bul acesteia, Terje Roed-Larsen, pentru presupus\u0103 \u201ecorup\u021bie agravat\u0103\u201d \u0219i complicitate. Ca urmare a acestor descoperiri, Parlamentul norvegian a decis s\u0103 \u00eenfiin\u021beze o comisie de anchet\u0103 independent\u0103, menit\u0103 s\u0103 analizeze aceste leg\u0103turi \u0219i s\u0103 restabileasc\u0103 \u00eencrederea publicului \u00een institu\u021biile politice.<\/p>\n<p>Un alt aspect intrigant al investiga\u021biei \u00eel reprezint\u0103 e-mailurile desecretizate, care sugereaz\u0103 c\u0103 Epstein l-ar fi recrutat pe Jagland pentru a facilita contactele cu lideri ru\u0219i, inclusiv cu pre\u0219edintele Vladimir Putin. Scopul acestor \u00eent\u00e2lniri ar fi fost discu\u021bii despre \u201eo nou\u0103 form\u0103 de bani la nivel mondial\u201d. De asemenea, vizitele lui Jagland \u0219i ale familiei sale la propriet\u0103\u021bile lui Epstein, inclusiv insula din Caraibe, apartamentul din Paris \u0219i casa din Palm Beach, sunt acum \u00een centrul investiga\u021biei.<\/p>\n<p>Per-Willy Amundsen, pre\u0219edintele comisiei parlamentare, a subliniat importan\u021ba men\u021binerii \u00eencrederii \u00een diploma\u021bia \u0219i politica norvegian\u0103. De\u0219i comisia de anchet\u0103 a fost aprobat\u0103, detalii precum mandatul \u0219i calendarul acesteia urmeaz\u0103 s\u0103 fie stabilite. Exist\u0103 propuneri ca fosta judec\u0103toare franco-norvegian\u0103 Eva Joly s\u0103 conduc\u0103 aceast\u0103 comisie, av\u00e2nd \u00een vedere experien\u021ba sa \u00een astfel de cazuri.<\/p>\n","protected":false},"excerpt":{"rendered":"<p>Anun\u021bul recent al Consiliului Europei a adus \u00een aten\u021bie o serie de conexiuni neobi\u0219nuite \u00eentre personalit\u0103\u021bi norvegiene \u0219i controversatul finan\u021bator american, Jeffrey Epstein. Aceste informa\u021bii au fost dezv\u0103luite prin documente desecretizate \u00een Statele Unite, suger\u00e2nd rela\u021bii mai str\u00e2nse dec\u00e2t s-a crezut anterior. Printre cei viza\u021bi se num\u0103r\u0103 Thorbj\u00f8rn Jagland, fost pre\u0219edinte al Comitetului Nobel \u0219i [&hellip;]<\/p>\n","protected":false},"author":2,"featured_media":2483,"comment_status":"open","ping_status":"open","sticky":false,"template":"","format":"standard","meta":{"jnews-multi-image_gallery":[],"jnews_single_post":[],"jnews_primary_category":[],"jnews_override_counter":[],"footnotes":""},"categories":[41],"tags":[817,4300,1076,3463,1708,3459,429,4301],"class_list":["post-2482","post","type-post","status-publish","format-standard","has-post-thumbnail","hentry","category-externe","tag-ancheta","tag-consiliul-europei","tag-coruptie","tag-diplomat","tag-jeffrey-epstein","tag-norvegia","tag-relatii-internationale","tag-thorbjorn-jagland"],"_links":{"self":[{"href":"https:\/\/www.newsrecorder.ro\/app\/wp-json\/wp\/v2\/posts\/2482","targetHints":{"allow":["GET"]}}],"collection":[{"href":"https:\/\/www.newsrecorder.ro\/app\/wp-json\/wp\/v2\/posts"}],"about":[{"href":"https:\/\/www.newsrecorder.ro\/app\/wp-json\/wp\/v2\/types\/post"}],"author":[{"embeddable":true,"href":"https:\/\/www.newsrecorder.ro\/app\/wp-json\/wp\/v2\/users\/2"}],"replies":[{"embeddable":true,"href":"https:\/\/www.newsrecorder.ro\/app\/wp-json\/wp\/v2\/comments?post=2482"}],"version-history":[{"count":0,"href":"https:\/\/www.newsrecorder.ro\/app\/wp-json\/wp\/v2\/posts\/2482\/revisions"}],"wp:featuredmedia":[{"embeddable":true,"href":"https:\/\/www.newsrecorder.ro\/app\/wp-json\/wp\/v2\/media\/2483"}],"wp:attachment":[{"href":"https:\/\/www.newsrecorder.ro\/app\/wp-json\/wp\/v2\/media?parent=2482"}],"wp:term":[{"taxonomy":"category","embeddable":true,"href":"https:\/\/www.newsrecorder.ro\/app\/wp-json\/wp\/v2\/categories?post=2482"},{"taxonomy":"post_tag","embeddable":true,"href":"https:\/\/www.newsrecorder.ro\/app\/wp-json\/wp\/v2\/tags?post=2482"}],"curies":[{"name":"wp","href":"https:\/\/api.w.org\/{rel}","templated":true}]}}