{"id":2486,"date":"2026-02-11T18:27:32","date_gmt":"2026-02-11T18:27:32","guid":{"rendered":"https:\/\/www.newsrecorder.ro\/app\/2026\/02\/11\/spargerea-linistii-focuri-de-arma-in-paris-dupa-atacul-asupra-unui-sofer-de-autobuz\/"},"modified":"2026-02-11T18:27:32","modified_gmt":"2026-02-11T18:27:32","slug":"spargerea-linistii-focuri-de-arma-in-paris-dupa-atacul-asupra-unui-sofer-de-autobuz","status":"publish","type":"post","link":"https:\/\/www.newsrecorder.ro\/app\/2026\/02\/11\/spargerea-linistii-focuri-de-arma-in-paris-dupa-atacul-asupra-unui-sofer-de-autobuz\/","title":{"rendered":"Spargerea lini\u0219tii: Focuri de arm\u0103 \u00een Paris dup\u0103 atacul asupra unui \u0219ofer de autobuz"},"content":{"rendered":"<p>Miercuri dup\u0103-amiaz\u0103, Parisul a fost zguduit de sunetul mai multor focuri de arm\u0103, conform informa\u021biilor furnizate de <a href=\"https:\/\/www.lefigaro.fr\/faits-divers\/paris-un-homme-muni-d-un-couteau-menace-un-chauffeur-de-bus-la-police-fait-usage-d-une-arme-20260211\" target=\"_blank\" rel=\"noopener\">Le Figaro<\/a>. Incidentul a fost generat de un b\u0103rbat \u00eenarmat cu un cu\u021bit, care a atacat \u0219i amenin\u021bat un \u0219ofer de autobuz.<\/p>\n<p>La fa\u021ba locului, poli\u021bi\u0219tii au intervenit rapid \u00een \u00eencercarea de a-l imobiliza pe agresor. \u00cen urma confrunt\u0103rii, ace\u0219tia au deschis focul, provoc\u00e2ndu-i o ran\u0103. Din fericire, starea sa nu este critic\u0103, conform surselor din cadrul Poli\u021biei.<\/p>\n<p>Primele informa\u021bii indic\u0103 faptul c\u0103 nu au fost \u00eenregistrate alte victime, inclusiv \u0219oferul de autobuz, care a sc\u0103pat nev\u0103t\u0103mat.<\/p>\n<p>Agresorul a fost re\u021binut de autorit\u0103\u021bi \u0219i, dup\u0103 ce va primi \u00eengrijiri medicale, va fi supus audierii pentru a clarifica circumstan\u021bele incidentului.<\/p>\n","protected":false},"excerpt":{"rendered":"<p>Miercuri dup\u0103-amiaz\u0103, Parisul a fost zguduit de sunetul mai multor focuri de arm\u0103, conform informa\u021biilor furnizate de Le Figaro. Incidentul a fost generat de un b\u0103rbat \u00eenarmat cu un cu\u021bit, care a atacat \u0219i amenin\u021bat un \u0219ofer de autobuz. La fa\u021ba locului, poli\u021bi\u0219tii au intervenit rapid \u00een \u00eencercarea de a-l imobiliza pe agresor. \u00cen urma [&hellip;]<\/p>\n","protected":false},"author":2,"featured_media":2487,"comment_status":"open","ping_status":"open","sticky":false,"template":"","format":"standard","meta":{"jnews-multi-image_gallery":[],"jnews_single_post":[],"jnews_primary_category":[],"jnews_override_counter":[],"footnotes":""},"categories":[41],"tags":[4310,914,4309,1355,2440,505,1098,4311],"class_list":["post-2486","post","type-post","status-publish","format-standard","has-post-thumbnail","hentry","category-externe","tag-agresor","tag-atac","tag-focuri-de-arma","tag-incident","tag-paris","tag-politie","tag-retinere","tag-sofer-de-autobuz"],"_links":{"self":[{"href":"https:\/\/www.newsrecorder.ro\/app\/wp-json\/wp\/v2\/posts\/2486","targetHints":{"allow":["GET"]}}],"collection":[{"href":"https:\/\/www.newsrecorder.ro\/app\/wp-json\/wp\/v2\/posts"}],"about":[{"href":"https:\/\/www.newsrecorder.ro\/app\/wp-json\/wp\/v2\/types\/post"}],"author":[{"embeddable":true,"href":"https:\/\/www.newsrecorder.ro\/app\/wp-json\/wp\/v2\/users\/2"}],"replies":[{"embeddable":true,"href":"https:\/\/www.newsrecorder.ro\/app\/wp-json\/wp\/v2\/comments?post=2486"}],"version-history":[{"count":0,"href":"https:\/\/www.newsrecorder.ro\/app\/wp-json\/wp\/v2\/posts\/2486\/revisions"}],"wp:featuredmedia":[{"embeddable":true,"href":"https:\/\/www.newsrecorder.ro\/app\/wp-json\/wp\/v2\/media\/2487"}],"wp:attachment":[{"href":"https:\/\/www.newsrecorder.ro\/app\/wp-json\/wp\/v2\/media?parent=2486"}],"wp:term":[{"taxonomy":"category","embeddable":true,"href":"https:\/\/www.newsrecorder.ro\/app\/wp-json\/wp\/v2\/categories?post=2486"},{"taxonomy":"post_tag","embeddable":true,"href":"https:\/\/www.newsrecorder.ro\/app\/wp-json\/wp\/v2\/tags?post=2486"}],"curies":[{"name":"wp","href":"https:\/\/api.w.org\/{rel}","templated":true}]}}