{"id":2496,"date":"2026-02-11T19:58:54","date_gmt":"2026-02-11T19:58:54","guid":{"rendered":"https:\/\/www.newsrecorder.ro\/app\/2026\/02\/11\/prognoza-meteo-ce-ne-asteapta-in-martie-detalii-esentiale\/"},"modified":"2026-02-11T19:58:54","modified_gmt":"2026-02-11T19:58:54","slug":"prognoza-meteo-ce-ne-asteapta-in-martie-detalii-esentiale","status":"publish","type":"post","link":"https:\/\/www.newsrecorder.ro\/app\/2026\/02\/11\/prognoza-meteo-ce-ne-asteapta-in-martie-detalii-esentiale\/","title":{"rendered":"Prognoza meteo: Ce ne a\u0219teapt\u0103 \u00een martie? Detalii esen\u021biale!"},"content":{"rendered":"<p>S\u0103pt\u0103m\u00e2na 9-16 februarie 2026 se va caracteriza prin temperaturi superioare celor obi\u0219nuite pentru acest interval, conform prognozelor emise de Administra\u021bia Na\u021bional\u0103 de Meteorologie (ANM). Aceast\u0103 abatere termic\u0103 pozitiv\u0103 va fi mai pronun\u021bat\u0103 \u00een regiunile intracarpatice. De asemenea, se estimeaz\u0103 c\u0103 precipita\u021biile vor fi abundente \u00een sudul \u021b\u0103rii, \u00een timp ce \u00een celelalte zone, regimul pluviometric va fi aproape de normal.<\/p>\n<p>\u00cen s\u0103pt\u0103m\u00e2na 16-23 februarie 2026, temperaturile medii vor reveni la valori apropiate celor normale pentru acest sezon, la nivel na\u021bional. \u00cen toate regiunile, se preconizeaz\u0103 o tendin\u021b\u0103 u\u0219or excedentar\u0103 \u00een ceea ce prive\u0219te cantit\u0103\u021bile de precipita\u021bii estimate.<\/p>\n<p>\u00centre 23 februarie \u0219i 2 martie, temperaturile medii vor continua s\u0103 se men\u021bin\u0103 la niveluri apropiate de cele normale pentru aceast\u0103 perioad\u0103. Meteorologii informeaz\u0103 c\u0103 regimul pluviometric va fi, de asemenea, \u00een conformitate cu normele pentru acest interval, \u00een toate regiunile \u021b\u0103rii.<\/p>\n<p>\u00cen s\u0103pt\u0103m\u00e2na 2-9 martie, mediile temperaturilor vor fi conforme cu valorile specifice acestui sezon, pe \u00eentreg teritoriul Rom\u00e2niei. De asemenea, cantit\u0103\u021bile de precipita\u021bii sunt a\u0219teptate s\u0103 se \u00eencadreze \u00een limitele normale pentru aceast\u0103 perioad\u0103.<\/p>\n","protected":false},"excerpt":{"rendered":"<p>S\u0103pt\u0103m\u00e2na 9-16 februarie 2026 se va caracteriza prin temperaturi superioare celor obi\u0219nuite pentru acest interval, conform prognozelor emise de Administra\u021bia Na\u021bional\u0103 de Meteorologie (ANM). Aceast\u0103 abatere termic\u0103 pozitiv\u0103 va fi mai pronun\u021bat\u0103 \u00een regiunile intracarpatice. De asemenea, se estimeaz\u0103 c\u0103 precipita\u021biile vor fi abundente \u00een sudul \u021b\u0103rii, \u00een timp ce \u00een celelalte zone, regimul pluviometric [&hellip;]<\/p>\n","protected":false},"author":5,"featured_media":2497,"comment_status":"open","ping_status":"open","sticky":false,"template":"","format":"standard","meta":{"jnews-multi-image_gallery":[],"jnews_single_post":[],"jnews_primary_category":[],"jnews_override_counter":[],"footnotes":""},"categories":[45],"tags":[1816,4329,4328,135,1802,1812,149,126],"class_list":["post-2496","post","type-post","status-publish","format-standard","has-post-thumbnail","hentry","category-meteo","tag-administratia-nationala-de-meteorologie","tag-anomalii-termice","tag-februarie-2026","tag-precipitatii","tag-prognoza-meteorologica","tag-regimul-pluviometric","tag-romania","tag-temperaturi"],"_links":{"self":[{"href":"https:\/\/www.newsrecorder.ro\/app\/wp-json\/wp\/v2\/posts\/2496","targetHints":{"allow":["GET"]}}],"collection":[{"href":"https:\/\/www.newsrecorder.ro\/app\/wp-json\/wp\/v2\/posts"}],"about":[{"href":"https:\/\/www.newsrecorder.ro\/app\/wp-json\/wp\/v2\/types\/post"}],"author":[{"embeddable":true,"href":"https:\/\/www.newsrecorder.ro\/app\/wp-json\/wp\/v2\/users\/5"}],"replies":[{"embeddable":true,"href":"https:\/\/www.newsrecorder.ro\/app\/wp-json\/wp\/v2\/comments?post=2496"}],"version-history":[{"count":0,"href":"https:\/\/www.newsrecorder.ro\/app\/wp-json\/wp\/v2\/posts\/2496\/revisions"}],"wp:featuredmedia":[{"embeddable":true,"href":"https:\/\/www.newsrecorder.ro\/app\/wp-json\/wp\/v2\/media\/2497"}],"wp:attachment":[{"href":"https:\/\/www.newsrecorder.ro\/app\/wp-json\/wp\/v2\/media?parent=2496"}],"wp:term":[{"taxonomy":"category","embeddable":true,"href":"https:\/\/www.newsrecorder.ro\/app\/wp-json\/wp\/v2\/categories?post=2496"},{"taxonomy":"post_tag","embeddable":true,"href":"https:\/\/www.newsrecorder.ro\/app\/wp-json\/wp\/v2\/tags?post=2496"}],"curies":[{"name":"wp","href":"https:\/\/api.w.org\/{rel}","templated":true}]}}