{"id":2502,"date":"2026-02-11T19:59:45","date_gmt":"2026-02-11T19:59:45","guid":{"rendered":"https:\/\/www.newsrecorder.ro\/app\/2026\/02\/11\/anm-ger-vant-puternic-si-ninsori-zonele-sub-cod-galben\/"},"modified":"2026-02-11T19:59:45","modified_gmt":"2026-02-11T19:59:45","slug":"anm-ger-vant-puternic-si-ninsori-zonele-sub-cod-galben","status":"publish","type":"post","link":"https:\/\/www.newsrecorder.ro\/app\/2026\/02\/11\/anm-ger-vant-puternic-si-ninsori-zonele-sub-cod-galben\/","title":{"rendered":"ANM: Ger, v\u00e2nt puternic \u0219i ninsori \u2013 zonele sub Cod galben!"},"content":{"rendered":"<p>Conform meteorologilor de la <a href=\"https:\/\/www.meteoromania.ro\/\" target=\"_blank\" rel=\"noopener\">ANM<\/a>, vremea \u00een perioada urm\u0103toare se va r\u0103ci semnificativ, cu temperaturi sub normalele sezonului, v\u00e2nt puternic, polei \u0219i viscol \u00een zonele montane. Intensitatea acestor fenomene va cre\u0219te \u00een anumite intervale de timp.<\/p>\n<p><strong>Frig persistent \u0219i precipita\u021bii mixte<\/strong><\/p>\n<p>\u00cen data de 3 februarie, frigul va fi resim\u021bit mai acut \u00een regiunile sudice \u0219i estice ale \u021b\u0103rii. Temperaturile maxime se vor \u00eencadra \u00eentre -8 \u0219i 0\u00b0C, \u00een timp ce minimele vor varia \u00eentre -9 \u0219i -3\u00b0C.<\/p>\n<p>\u00cencep\u00e2nd cu seara de mar\u021bi \u0219i continu\u00e2nd pe parcursul zilei de miercuri, v\u00e2ntul va deveni mai intens \u00een sud-vest, est \u0219i la munte, cu rafale ce vor atinge 40-50 km\/h. La altitudini de peste 1.700 m, viteza v\u00e2ntului poate ajunge la 70-80 km\/h, gener\u00e2nd viscol temporar \u00een zonele cu ninsoare.<\/p>\n<p>Precipita\u021biile se vor extinde pe \u00eentreg teritoriul \u021b\u0103rii: se vor \u00eenregistra ploi \u00een vest \u0219i sud, iar \u00een Maramure\u0219, Transilvania, Moldova \u0219i zonele montane sunt posibile ploi \u0219i ninsori mixte. Aceste condi\u021bii meteorologice pot conduce la formarea poleiului \u0219i ghe\u021bu\u0219ului, \u00een special \u00een regiunile sud-vestice, centrale \u0219i nord-estice.<\/p>\n<p><strong>Cod galben de temperaturi foarte sc\u0103zute<\/strong><\/p>\n<p>Avertizarea de ger va fi activ\u0103 dup\u0103 cum urmeaz\u0103:<\/p>\n<p><strong>Mar\u021bi, 3 februarie (10:00 \u2013 20:00):<\/strong> \u00cen Oltenia, Dobrogea, cea mai mare parte a Moldovei \u0219i Munteniei, temperaturile maxime se vor situa cu 7-9\u00b0C sub normal, \u00eentre -8 \u0219i -4\u00b0C.<\/p>\n<p><strong>Mar\u021bi, 3 februarie (20:00) \u2013 Miercuri, 4 februarie (10:00):<\/strong> \u00cen Moldova, Oltenia \u0219i mare parte din Muntenia, minimele vor oscila \u00eentre -9 \u0219i -6\u00b0C, ceea ce va accentua disconfortul termic.<\/p>\n<p><strong>Cod galben de v\u00e2nt puternic<\/strong><\/p>\n<p>Un alt Cod galben este valabil \u00eentre 4 februarie, ora 08:00 \u0219i 5 februarie, ora 20:00, av\u00e2nd \u00een vedere intensific\u0103rile v\u00e2ntului. \u00cen jude\u021bul Cara\u0219-Severin \u0219i local \u00een Timi\u0219, rafalele vor ajunge la 50-70 km\/h. \u00cen acela\u0219i timp, \u00een Mun\u021bii Banatului \u0219i \u00een partea de vest a Carpa\u021bilor Meridionali, viteza v\u00e2ntului poate atinge 90-100 km\/h, provoc\u00e2nd viscol temporar.<\/p>\n<p><strong>Actualiz\u0103ri \u0219i recomand\u0103ri<\/strong><\/p>\n<p>ANM subliniaz\u0103 c\u0103, \u00een func\u021bie de evolu\u021bia vremii, inform\u0103rile pot fi modificate \u0219i completate cu avertiz\u0103ri nowcasting pentru fenomene severe imediate. \u00cen acest context, <a href=\"https:\/\/www.mediafax.ro\/politic\/combinatia-dintre-canicula-seceta-si-ploi-torentiale-face-romania-vulnerabila-avertismentul-ministerului-mediului-23672654\" target=\"_blank\" rel=\"noopener\">autorit\u0103\u021bile<\/a> \u00eencurajeaz\u0103 cet\u0103\u021benii s\u0103 urm\u0103reasc\u0103 anun\u021burile oficiale \u0219i s\u0103 ia m\u0103suri de precau\u021bie, mai ales \u00een zonele afectate de ger, polei \u0219i v\u00e2nt puternic.<\/p>\n","protected":false},"excerpt":{"rendered":"<p>Conform meteorologilor de la ANM, vremea \u00een perioada urm\u0103toare se va r\u0103ci semnificativ, cu temperaturi sub normalele sezonului, v\u00e2nt puternic, polei \u0219i viscol \u00een zonele montane. Intensitatea acestor fenomene va cre\u0219te \u00een anumite intervale de timp. Frig persistent \u0219i precipita\u021bii mixte \u00cen data de 3 februarie, frigul va fi resim\u021bit mai acut \u00een regiunile sudice [&hellip;]<\/p>\n","protected":false},"author":5,"featured_media":2503,"comment_status":"open","ping_status":"open","sticky":false,"template":"","format":"standard","meta":{"jnews-multi-image_gallery":[],"jnews_single_post":[],"jnews_primary_category":[],"jnews_override_counter":[],"footnotes":""},"categories":[45],"tags":[150,1809,136,135,81,137,1142,139],"class_list":["post-2502","post","type-post","status-publish","format-standard","has-post-thumbnail","hentry","category-meteo","tag-anm","tag-fenomene-meteorologice","tag-polei","tag-precipitatii","tag-temperaturi-scazute","tag-vant","tag-viscol","tag-vreme-rece"],"_links":{"self":[{"href":"https:\/\/www.newsrecorder.ro\/app\/wp-json\/wp\/v2\/posts\/2502","targetHints":{"allow":["GET"]}}],"collection":[{"href":"https:\/\/www.newsrecorder.ro\/app\/wp-json\/wp\/v2\/posts"}],"about":[{"href":"https:\/\/www.newsrecorder.ro\/app\/wp-json\/wp\/v2\/types\/post"}],"author":[{"embeddable":true,"href":"https:\/\/www.newsrecorder.ro\/app\/wp-json\/wp\/v2\/users\/5"}],"replies":[{"embeddable":true,"href":"https:\/\/www.newsrecorder.ro\/app\/wp-json\/wp\/v2\/comments?post=2502"}],"version-history":[{"count":0,"href":"https:\/\/www.newsrecorder.ro\/app\/wp-json\/wp\/v2\/posts\/2502\/revisions"}],"wp:featuredmedia":[{"embeddable":true,"href":"https:\/\/www.newsrecorder.ro\/app\/wp-json\/wp\/v2\/media\/2503"}],"wp:attachment":[{"href":"https:\/\/www.newsrecorder.ro\/app\/wp-json\/wp\/v2\/media?parent=2502"}],"wp:term":[{"taxonomy":"category","embeddable":true,"href":"https:\/\/www.newsrecorder.ro\/app\/wp-json\/wp\/v2\/categories?post=2502"},{"taxonomy":"post_tag","embeddable":true,"href":"https:\/\/www.newsrecorder.ro\/app\/wp-json\/wp\/v2\/tags?post=2502"}],"curies":[{"name":"wp","href":"https:\/\/api.w.org\/{rel}","templated":true}]}}