{"id":2508,"date":"2026-02-11T20:00:47","date_gmt":"2026-02-11T20:00:47","guid":{"rendered":"https:\/\/www.newsrecorder.ro\/app\/2026\/02\/11\/alerta-meteo-racire-drastica-si-ninsori-in-bucuresti-luni-si-marti\/"},"modified":"2026-02-11T20:00:47","modified_gmt":"2026-02-11T20:00:47","slug":"alerta-meteo-racire-drastica-si-ninsori-in-bucuresti-luni-si-marti","status":"publish","type":"post","link":"https:\/\/www.newsrecorder.ro\/app\/2026\/02\/11\/alerta-meteo-racire-drastica-si-ninsori-in-bucuresti-luni-si-marti\/","title":{"rendered":"Alert\u0103 meteo: R\u0103cire drastic\u0103 \u0219i ninsori \u00een Bucure\u0219ti luni \u0219i mar\u021bi!"},"content":{"rendered":"<p>Luni, 2 februarie 2026, vremea va fi extrem de rece, cu un cer predominant noros. \u00cen prima parte a zilei, se vor \u00eenregistra ninsori slabe \u00een diverse zone, ce vor contribui la formarea unui strat de z\u0103pad\u0103 de aproximativ 1-2 cm. V\u00e2ntul va sufla cu intensitate slab\u0103 p\u00e2n\u0103 la moderat\u0103, av\u00e2nd rafale ce pot atinge 35-40 km\/h \u00een diminea\u021ba acelei zile. Temperatura maxim\u0103 va fi \u00een jur de \u20133\u00b0C, iar minimele se vor situa \u00eentre \u201310\u00b0C \u0219i \u20138\u00b0C, conform <a href=\"https:\/\/www.meteoromania.ro\/avertizari\/\" target=\"_blank\" rel=\"noopener\">ANM<\/a>.<\/p>\n<p>Noaptea de 1 spre 2 februarie va aduce ninsori mai consistente. \u00centre orele 22:40 (1 februarie) \u0219i 08:00 (2 februarie), se estimeaz\u0103 depuneri de z\u0103pad\u0103 \u00eentre 6-9 cm. V\u00e2ntul va avea intensific\u0103ri ce vor ajunge la 35-45 km\/h, ceea ce va favoriza formarea viscolului \u0219i va accentua senza\u021bia de frig, cu o temperatur\u0103 minim\u0103 de \u20139\u00b0C.<\/p>\n<p>Mar\u021bi, 3 februarie 2026, vremea va continua s\u0103 fie rece, cu un cer variabil \u0219i v\u00e2nt slab p\u00e2n\u0103 la moderat. Temperaturile maxime vor varia \u00eentre \u20131\u00b0C \u0219i 0\u00b0C, \u00een timp ce minimele se vor \u00eencadra \u00eentre \u20138\u00b0C \u0219i \u20136\u00b0C. De asemenea, \u00een perioada 2 februarie, ora 08:00 \u2013 3 februarie, ora 08:00, sunt posibile ninsori slabe diminea\u021ba, cu depuneri suplimentare de 1-2 cm de z\u0103pad\u0103. V\u00e2ntul va avea rafale izolate de 25\u201335 km\/h.<\/p>\n<p>ANM a emis aten\u021bion\u0103ri meteorologice care indic\u0103 faptul c\u0103 frigul va persista \u0219i \u00eentre 3 februarie, ora 08:00 \u2013 4 februarie, ora 10:00, cu maxime prognozate \u00eentre \u20131\u00b0C \u0219i 0\u00b0C, iar minimele \u00eentre \u20138\u00b0C \u0219i \u20136\u00b0C. Este important de men\u021bionat c\u0103 inform\u0103rile se pot actualiza \u00een func\u021bie de evolu\u021bia vremii, inclusiv prin alerte de tip nowcasting.<\/p>\n<p>\u00cen Bucure\u0219ti, autorit\u0103\u021bile sunt \u00een stare de alert\u0103. Locuitorii sunt sf\u0103tui\u021bi s\u0103 r\u0103m\u00e2n\u0103 la curent cu <a href=\"https:\/\/www.mediafax.ro\/social\/lucrari-de-deszapezire-pe-aeroporturile-henri-coanda-si-baneasa-cnab-nicio-cursa-nu-este-anulata-din-motive-meteo-23679931\" target=\"_blank\" rel=\"noopener\">anun\u021burile oficiale<\/a> \u0219i s\u0103 ia m\u0103suri de precau\u021bie pe durata acestor condi\u021bii meteorologice severe.<\/p>\n","protected":false},"excerpt":{"rendered":"<p>Luni, 2 februarie 2026, vremea va fi extrem de rece, cu un cer predominant noros. \u00cen prima parte a zilei, se vor \u00eenregistra ninsori slabe \u00een diverse zone, ce vor contribui la formarea unui strat de z\u0103pad\u0103 de aproximativ 1-2 cm. V\u00e2ntul va sufla cu intensitate slab\u0103 p\u00e2n\u0103 la moderat\u0103, av\u00e2nd rafale ce pot atinge [&hellip;]<\/p>\n","protected":false},"author":5,"featured_media":2509,"comment_status":"open","ping_status":"open","sticky":false,"template":"","format":"standard","meta":{"jnews-multi-image_gallery":[],"jnews_single_post":[],"jnews_primary_category":[],"jnews_override_counter":[],"footnotes":""},"categories":[45],"tags":[4334,129,127,126,137,1142,2343,729],"class_list":["post-2508","post","type-post","status-publish","format-standard","has-post-thumbnail","hentry","category-meteo","tag-cer-noros","tag-frig","tag-ninsori","tag-temperaturi","tag-vant","tag-viscol","tag-vremea","tag-zapada"],"_links":{"self":[{"href":"https:\/\/www.newsrecorder.ro\/app\/wp-json\/wp\/v2\/posts\/2508","targetHints":{"allow":["GET"]}}],"collection":[{"href":"https:\/\/www.newsrecorder.ro\/app\/wp-json\/wp\/v2\/posts"}],"about":[{"href":"https:\/\/www.newsrecorder.ro\/app\/wp-json\/wp\/v2\/types\/post"}],"author":[{"embeddable":true,"href":"https:\/\/www.newsrecorder.ro\/app\/wp-json\/wp\/v2\/users\/5"}],"replies":[{"embeddable":true,"href":"https:\/\/www.newsrecorder.ro\/app\/wp-json\/wp\/v2\/comments?post=2508"}],"version-history":[{"count":0,"href":"https:\/\/www.newsrecorder.ro\/app\/wp-json\/wp\/v2\/posts\/2508\/revisions"}],"wp:featuredmedia":[{"embeddable":true,"href":"https:\/\/www.newsrecorder.ro\/app\/wp-json\/wp\/v2\/media\/2509"}],"wp:attachment":[{"href":"https:\/\/www.newsrecorder.ro\/app\/wp-json\/wp\/v2\/media?parent=2508"}],"wp:term":[{"taxonomy":"category","embeddable":true,"href":"https:\/\/www.newsrecorder.ro\/app\/wp-json\/wp\/v2\/categories?post=2508"},{"taxonomy":"post_tag","embeddable":true,"href":"https:\/\/www.newsrecorder.ro\/app\/wp-json\/wp\/v2\/tags?post=2508"}],"curies":[{"name":"wp","href":"https:\/\/api.w.org\/{rel}","templated":true}]}}