{"id":2558,"date":"2026-02-11T21:11:01","date_gmt":"2026-02-11T21:11:01","guid":{"rendered":"https:\/\/www.newsrecorder.ro\/app\/2026\/02\/11\/parlamentul-european-da-unda-verde-unui-imprumut-urias-de-90-miliarde-pentru-ucraina\/"},"modified":"2026-02-11T21:11:01","modified_gmt":"2026-02-11T21:11:01","slug":"parlamentul-european-da-unda-verde-unui-imprumut-urias-de-90-miliarde-pentru-ucraina","status":"publish","type":"post","link":"https:\/\/www.newsrecorder.ro\/app\/2026\/02\/11\/parlamentul-european-da-unda-verde-unui-imprumut-urias-de-90-miliarde-pentru-ucraina\/","title":{"rendered":"Parlamentul European d\u0103 und\u0103 verde unui \u00eemprumut uria\u0219 de 90 miliarde pentru Ucraina"},"content":{"rendered":"<p>Anun\u021bul recent a fost f\u0103cut de comisarul european pentru economie, Valdis Dombrovskis, pe platforma X, aduc\u00e2nd ve\u0219ti importante pentru Ucraina.<\/p>\n<p><a href=\"https:\/\/www.mediafax.ro\/externe\/parlamentul-european-voteaza-miercuri-imprumutul-de-90-de-miliarde-de-euro-pentru-ucraina-23684246\">Membrii Parlamentului European<\/a> au votat \u00een favoarea unui \u00eemprumut destinat Ucrainei pentru perioada 2026-2027, ob\u021bin\u00e2nd un sprijin semnificativ de <strong>458 de voturi pentru<\/strong>. \u00cen contrast, <strong>140 de parlamentari s-au opus&lt;\/strong, iar <strong>44 s-au ab\u021binut<\/strong> de la vot.<\/p>\n<p>Pachetul de \u00eemprumuturi este structurat \u00een moduri esen\u021biale: acesta include 60 de miliarde de euro destina\u021bi asisten\u021bei militare \u0219i 30 de miliarde de euro pentru sprijin bugetar, toate fiind finan\u021bate prin intermediul \u00eemprumuturilor oferite de Uniunea European\u0103.<\/p>\n<p>Ini\u021bial, votul fusese programat pentru o sesiune plenar\u0103 special\u0103 pe data de 24 februarie, marc\u00e2nd a patra aniversare a invaziei pe scar\u0103 larg\u0103 a Ucrainei de c\u0103tre Rusia. Cu toate acestea, acesta a fost am\u00e2nat pentru 11 februarie.<\/p>\n<p>Pe 19 decembrie, <strong>summitul Uniunii Europene a aprobat un plan pentru un \u00eemprumut comun de 90 de miliarde de euro<\/strong> destinat Ucrainei, plan care vizeaz\u0103 s\u0103 acopere aproximativ dou\u0103 treimi din necesit\u0103\u021bile financiare ale \u021b\u0103rii pentru perioada 2026-2027, at\u00e2t \u00een ceea ce prive\u0219te bugetul, c\u00e2t \u0219i \u00een domeniul ap\u0103r\u0103rii.<\/p>\n<p>La data de 4 februarie, ambasadorii statelor membre ale Uniunii Europene, reuni\u021bi \u00een cadrul Comitetului Reprezentan\u021bilor Permanen\u021bi (Coreper), au c\u0103zut de acord asupra modalit\u0103\u021bilor de implementare a acestui \u00eemprumut de 90 de miliarde de euro pentru Ucraina, inclusiv prin permiterea implic\u0103rii \u021b\u0103rilor ter\u021be \u00een proces.<\/p>\n","protected":false},"excerpt":{"rendered":"<p>Anun\u021bul recent a fost f\u0103cut de comisarul european pentru economie, Valdis Dombrovskis, pe platforma X, aduc\u00e2nd ve\u0219ti importante pentru Ucraina. Membrii Parlamentului European au votat \u00een favoarea unui \u00eemprumut destinat Ucrainei pentru perioada 2026-2027, ob\u021bin\u00e2nd un sprijin semnificativ de 458 de voturi pentru. \u00cen contrast, 140 de parlamentari s-au opus&lt;\/strong, iar 44 s-au ab\u021binut de [&hellip;]<\/p>\n","protected":false},"author":4,"featured_media":2559,"comment_status":"open","ping_status":"open","sticky":false,"template":"","format":"standard","meta":{"jnews-multi-image_gallery":[],"jnews_single_post":[],"jnews_primary_category":[],"jnews_override_counter":[],"footnotes":""},"categories":[40],"tags":[4377,780,101,634,2586,682,4376,2466],"class_list":["post-2558","post","type-post","status-publish","format-standard","has-post-thumbnail","hentry","category-econonie","tag-2026-2027","tag-economie","tag-imprumut","tag-parlamentul-european","tag-sprijin","tag-ucraina","tag-valdis-dombrovskis","tag-voturi"],"_links":{"self":[{"href":"https:\/\/www.newsrecorder.ro\/app\/wp-json\/wp\/v2\/posts\/2558","targetHints":{"allow":["GET"]}}],"collection":[{"href":"https:\/\/www.newsrecorder.ro\/app\/wp-json\/wp\/v2\/posts"}],"about":[{"href":"https:\/\/www.newsrecorder.ro\/app\/wp-json\/wp\/v2\/types\/post"}],"author":[{"embeddable":true,"href":"https:\/\/www.newsrecorder.ro\/app\/wp-json\/wp\/v2\/users\/4"}],"replies":[{"embeddable":true,"href":"https:\/\/www.newsrecorder.ro\/app\/wp-json\/wp\/v2\/comments?post=2558"}],"version-history":[{"count":0,"href":"https:\/\/www.newsrecorder.ro\/app\/wp-json\/wp\/v2\/posts\/2558\/revisions"}],"wp:featuredmedia":[{"embeddable":true,"href":"https:\/\/www.newsrecorder.ro\/app\/wp-json\/wp\/v2\/media\/2559"}],"wp:attachment":[{"href":"https:\/\/www.newsrecorder.ro\/app\/wp-json\/wp\/v2\/media?parent=2558"}],"wp:term":[{"taxonomy":"category","embeddable":true,"href":"https:\/\/www.newsrecorder.ro\/app\/wp-json\/wp\/v2\/categories?post=2558"},{"taxonomy":"post_tag","embeddable":true,"href":"https:\/\/www.newsrecorder.ro\/app\/wp-json\/wp\/v2\/tags?post=2558"}],"curies":[{"name":"wp","href":"https:\/\/api.w.org\/{rel}","templated":true}]}}