{"id":2566,"date":"2026-02-11T21:12:52","date_gmt":"2026-02-11T21:12:52","guid":{"rendered":"https:\/\/www.newsrecorder.ro\/app\/2026\/02\/11\/zelenski-clarifica-alegerile-vor-avea-loc-doar-cu-garantii-de-securitate\/"},"modified":"2026-02-11T21:12:52","modified_gmt":"2026-02-11T21:12:52","slug":"zelenski-clarifica-alegerile-vor-avea-loc-doar-cu-garantii-de-securitate","status":"publish","type":"post","link":"https:\/\/www.newsrecorder.ro\/app\/2026\/02\/11\/zelenski-clarifica-alegerile-vor-avea-loc-doar-cu-garantii-de-securitate\/","title":{"rendered":"Zelenski clarific\u0103: Alegerile vor avea loc doar cu garan\u021bii de securitate!"},"content":{"rendered":"<p>Pre\u0219edintele Ucrainei, Volodimir Zelenski, a declarat miercuri c\u0103 alegerile \u00een Ucraina vor fi organizate doar dup\u0103 ce vor exista garan\u021bii de securitate \u0219i un armisti\u021biu cu Rusia. Aceasta este o pozi\u021bie clar\u0103 a liderului de la Kiev, care subliniaz\u0103 c\u0103 condi\u021biile fundamentale pentru desf\u0103\u0219urarea unui scrutin nu s-au schimbat.<\/p>\n<p>\u201eVom trece la alegeri c\u00e2nd vor fi \u00eendeplinite toate garan\u021biile de securitate necesare\u201d, a comunicat Zelenski reporterilor prin intermediul WhatsApp. El a ad\u0103ugat c\u0103 procesul electoral va putea \u00eencepe odat\u0103 ce se va stabili un armisti\u021biu, conform informa\u021biilor transmise de <a style=\"color: #0000ff\" href=\"https:\/\/p.dw.com\/p\/58YQO\" target=\"_blank\" rel=\"noopener\">Deutsche Welle<\/a>.<\/p>\n<p>Declara\u021biile lui Zelenski vin \u00een contextul unui articol publicat \u00een Financial Times, care sugera c\u0103 Ucraina ar putea organiza alegeri preziden\u021biale \u00een urm\u0103toarele trei luni, o idee care a fost alimentat\u0103 de presiunea exercitat\u0103 de Washington.<\/p>\n<p>Potrivit unui raport Reuters, oficialii ucraineni au analizat posibilitatea ca alegerile \u0219i un referendum s\u0103 aib\u0103 loc \u00een luna mai. Totu\u0219i, mai multe surse au caracterizat aceast\u0103 dat\u0103 ca fiind nerealist\u0103.<\/p>\n<p>Autoritatea electoral\u0103 din Ucraina a subliniat c\u0103 organizarea alegerilor ar necesita un interval de cel pu\u021bin \u0219ase luni, av\u00e2nd \u00een vedere circumstan\u021bele actuale dificile.<\/p>\n<p>\u00cen prezent, desf\u0103\u0219urarea alegerilor \u00een Ucraina este imposibil\u0103, deoarece legea mar\u021bial\u0103 aflat\u0103 \u00een vigoare interzice organizarea acestora. Ultimele alegeri au avut loc \u00een 2019, c\u00e2nd Zelenski a fost ales pre\u0219edinte. Mandatul s\u0103u a expirat \u00een 2024, dar \u00een actualul context, el va r\u0103m\u00e2ne \u00een func\u021bie p\u00e2n\u0103 la organizarea unui nou scrutin preziden\u021bial.<\/p>\n","protected":false},"excerpt":{"rendered":"<p>Pre\u0219edintele Ucrainei, Volodimir Zelenski, a declarat miercuri c\u0103 alegerile \u00een Ucraina vor fi organizate doar dup\u0103 ce vor exista garan\u021bii de securitate \u0219i un armisti\u021biu cu Rusia. Aceasta este o pozi\u021bie clar\u0103 a liderului de la Kiev, care subliniaz\u0103 c\u0103 condi\u021biile fundamentale pentru desf\u0103\u0219urarea unui scrutin nu s-au schimbat. \u201eVom trece la alegeri c\u00e2nd vor [&hellip;]<\/p>\n","protected":false},"author":2,"featured_media":2567,"comment_status":"open","ping_status":"open","sticky":false,"template":"","format":"standard","meta":{"jnews-multi-image_gallery":[],"jnews_single_post":[],"jnews_primary_category":[],"jnews_override_counter":[],"footnotes":""},"categories":[39],"tags":[1042,2209,2451,3503,874,682,2065,1030],"class_list":["post-2566","post","type-post","status-publish","format-standard","has-post-thumbnail","hentry","category-stirile-zilei","tag-alegeri","tag-armistitiu","tag-financial-times","tag-presiune","tag-securitate","tag-ucraina","tag-washington","tag-zelenski"],"_links":{"self":[{"href":"https:\/\/www.newsrecorder.ro\/app\/wp-json\/wp\/v2\/posts\/2566","targetHints":{"allow":["GET"]}}],"collection":[{"href":"https:\/\/www.newsrecorder.ro\/app\/wp-json\/wp\/v2\/posts"}],"about":[{"href":"https:\/\/www.newsrecorder.ro\/app\/wp-json\/wp\/v2\/types\/post"}],"author":[{"embeddable":true,"href":"https:\/\/www.newsrecorder.ro\/app\/wp-json\/wp\/v2\/users\/2"}],"replies":[{"embeddable":true,"href":"https:\/\/www.newsrecorder.ro\/app\/wp-json\/wp\/v2\/comments?post=2566"}],"version-history":[{"count":0,"href":"https:\/\/www.newsrecorder.ro\/app\/wp-json\/wp\/v2\/posts\/2566\/revisions"}],"wp:featuredmedia":[{"embeddable":true,"href":"https:\/\/www.newsrecorder.ro\/app\/wp-json\/wp\/v2\/media\/2567"}],"wp:attachment":[{"href":"https:\/\/www.newsrecorder.ro\/app\/wp-json\/wp\/v2\/media?parent=2566"}],"wp:term":[{"taxonomy":"category","embeddable":true,"href":"https:\/\/www.newsrecorder.ro\/app\/wp-json\/wp\/v2\/categories?post=2566"},{"taxonomy":"post_tag","embeddable":true,"href":"https:\/\/www.newsrecorder.ro\/app\/wp-json\/wp\/v2\/tags?post=2566"}],"curies":[{"name":"wp","href":"https:\/\/api.w.org\/{rel}","templated":true}]}}