{"id":2588,"date":"2026-02-12T06:37:25","date_gmt":"2026-02-12T06:37:25","guid":{"rendered":"https:\/\/www.newsrecorder.ro\/app\/2026\/02\/12\/australia-se-pregateste-pentru-proteste-masive-pro-palestina\/"},"modified":"2026-02-12T06:37:25","modified_gmt":"2026-02-12T06:37:25","slug":"australia-se-pregateste-pentru-proteste-masive-pro-palestina","status":"publish","type":"post","link":"https:\/\/www.newsrecorder.ro\/app\/2026\/02\/12\/australia-se-pregateste-pentru-proteste-masive-pro-palestina\/","title":{"rendered":"Australia se preg\u0103te\u0219te pentru proteste masive pro-Palestina!"},"content":{"rendered":"<p>Isaac Herzog, pre\u0219edintele Israelului, efectueaz\u0103 o vizit\u0103 oficial\u0103 de patru zile \u00een Australia, la invita\u021bia premierului Anthony Albanese. Aceast\u0103 vizit\u0103 a fost generat\u0103 de tragedia recent\u0103 de pe Plaja Bondi, unde 15 persoane au fost ucise \u00een timpul unei ceremonii dedicate s\u0103rb\u0103torii Hanukkah, conform informa\u021biilor furnizate de <a style=\"color: #0000ff\" href=\"https:\/\/www.reuters.com\/world\/asia-pacific\/protests-expected-israeli-president-herzogs-last-day-australia-2026-02-12\/\">Reuters<\/a>.<\/p>\n<p>Cu toate acestea, vizita lui Herzog a generat controverse, o parte a societ\u0103\u021bii australiene consider\u00e2ndu-l responsabil pentru criza umanitar\u0103 din F\u00e2\u0219ia Gaza. Protestatarii se bazeaz\u0103 pe un raport al ONU, care sugereaz\u0103 c\u0103 oficiali israelieni de rang \u00eenalt au fost implica\u021bi \u00een acte de genocid \u00een aceast\u0103 enclav\u0103 palestinian\u0103.<\/p>\n<p>Un nou protest este programat pentru joi seara, \u00een fa\u021ba uneia dintre principalele g\u0103ri din Melbourne. Organizatorii au transmis un mesaj clar: \u201eMesajul nostru pentru to\u021bi australienii este simplu: momentul s\u0103 m\u0103r\u0219\u0103luim este acum. Pentru to\u021bi palestinienii care au fost uci\u0219i, pentru to\u021bi cei care sunt \u00eenc\u0103 \u00een via\u021b\u0103, dar se confrunt\u0103 cu foamete.\u201d<\/p>\n<p>\u00cen contextul acestor proteste, Isaac Herzog a exprimat \u00eengrijorarea sa fa\u021b\u0103 de nivelul antisemitismului din Australia, descriindu-l ca fiind \u201e\u00eenfrico\u0219\u0103tor\u201d. El a subliniat c\u0103, de\u0219i exist\u0103 manifest\u0103ri de antisemitism, o majoritate t\u0103cut\u0103 a australienilor \u00ee\u0219i dore\u0219te pacea, respect\u0103 comunitatea evreiasc\u0103 \u0219i este deschis\u0103 la dialogul cu Israelul.<\/p>\n<p>Reac\u021biile la protestele de luni au fost intense, rezult\u00e2nd \u00een arestarea a 27 de persoane. Manifesta\u021biile au degenerat \u00een confrunt\u0103ri violente, iar for\u021bele de ordine au fost nevoite s\u0103 utilizeze gaze lacrimogene \u0219i spray cu piper pentru a dispersa mul\u021bimea. Aceste evenimente subliniaz\u0103 tensiunile actuale \u0219i polarizarea opiniei publice cu privire la conflictul israeliano-palestinian.<\/p>\n","protected":false},"excerpt":{"rendered":"<p>Isaac Herzog, pre\u0219edintele Israelului, efectueaz\u0103 o vizit\u0103 oficial\u0103 de patru zile \u00een Australia, la invita\u021bia premierului Anthony Albanese. Aceast\u0103 vizit\u0103 a fost generat\u0103 de tragedia recent\u0103 de pe Plaja Bondi, unde 15 persoane au fost ucise \u00een timpul unei ceremonii dedicate s\u0103rb\u0103torii Hanukkah, conform informa\u021biilor furnizate de Reuters. Cu toate acestea, vizita lui Herzog a [&hellip;]<\/p>\n","protected":false},"author":2,"featured_media":2589,"comment_status":"open","ping_status":"open","sticky":false,"template":"","format":"standard","meta":{"jnews-multi-image_gallery":[],"jnews_single_post":[],"jnews_primary_category":[],"jnews_override_counter":[],"footnotes":""},"categories":[41],"tags":[4425,4427,673,2844,4426,4424,1225,270],"class_list":["post-2588","post","type-post","status-publish","format-standard","has-post-thumbnail","hentry","category-externe","tag-australia","tag-criza-umanitara","tag-fasia-gaza","tag-genocid","tag-hanukkah","tag-isaac-herzog","tag-melbourne","tag-protest"],"_links":{"self":[{"href":"https:\/\/www.newsrecorder.ro\/app\/wp-json\/wp\/v2\/posts\/2588","targetHints":{"allow":["GET"]}}],"collection":[{"href":"https:\/\/www.newsrecorder.ro\/app\/wp-json\/wp\/v2\/posts"}],"about":[{"href":"https:\/\/www.newsrecorder.ro\/app\/wp-json\/wp\/v2\/types\/post"}],"author":[{"embeddable":true,"href":"https:\/\/www.newsrecorder.ro\/app\/wp-json\/wp\/v2\/users\/2"}],"replies":[{"embeddable":true,"href":"https:\/\/www.newsrecorder.ro\/app\/wp-json\/wp\/v2\/comments?post=2588"}],"version-history":[{"count":0,"href":"https:\/\/www.newsrecorder.ro\/app\/wp-json\/wp\/v2\/posts\/2588\/revisions"}],"wp:featuredmedia":[{"embeddable":true,"href":"https:\/\/www.newsrecorder.ro\/app\/wp-json\/wp\/v2\/media\/2589"}],"wp:attachment":[{"href":"https:\/\/www.newsrecorder.ro\/app\/wp-json\/wp\/v2\/media?parent=2588"}],"wp:term":[{"taxonomy":"category","embeddable":true,"href":"https:\/\/www.newsrecorder.ro\/app\/wp-json\/wp\/v2\/categories?post=2588"},{"taxonomy":"post_tag","embeddable":true,"href":"https:\/\/www.newsrecorder.ro\/app\/wp-json\/wp\/v2\/tags?post=2588"}],"curies":[{"name":"wp","href":"https:\/\/api.w.org\/{rel}","templated":true}]}}