{"id":2592,"date":"2026-02-12T06:37:49","date_gmt":"2026-02-12T06:37:49","guid":{"rendered":"https:\/\/www.newsrecorder.ro\/app\/2026\/02\/12\/china-si-mexic-relanseaza-comertul-primele-discutii-dupa-tarife\/"},"modified":"2026-02-12T06:37:49","modified_gmt":"2026-02-12T06:37:49","slug":"china-si-mexic-relanseaza-comertul-primele-discutii-dupa-tarife","status":"publish","type":"post","link":"https:\/\/www.newsrecorder.ro\/app\/2026\/02\/12\/china-si-mexic-relanseaza-comertul-primele-discutii-dupa-tarife\/","title":{"rendered":"China \u0219i Mexic relanseaz\u0103 comer\u021bul: primele discu\u021bii dup\u0103 tarife!"},"content":{"rendered":"<p>\u00centr-o \u00eent\u00e2lnire ce a avut loc luni la Beijing, Li Chenggang, Reprezentant pentru Comer\u021b Interna\u021bional al Chinei, s-a \u00eent\u00e2lnit cu ministrul adjunct al Economiei din Mexic, conform unui comunicat de pres\u0103 difuzat joi de Ministerul Comer\u021bului din China.<\/p>\n<p>Comunicatul, citat de Reuters, subliniaz\u0103 c\u0103 cele dou\u0103 p\u0103r\u021bi au purtat \u201eschimburi aprofundate\u201d despre rela\u021biile economice \u0219i comerciale bilaterale, precum \u0219i alte teme de interes comun.<\/p>\n<p>Acest dialog intervine \u00een contextul deciziei adoptate \u00een decembrie de autorit\u0103\u021bile din Ciudad de Mexico, care au anun\u021bat cre\u0219teri semnificative ale tarifelor vamale pentru importurile din China \u0219i din alte \u021b\u0103ri care nu au acorduri de liber schimb cu Mexicul.<\/p>\n<p>Aceste taxe vamale, care ajung \u00een multe cazuri p\u00e2n\u0103 la 35%, se aplic\u0103 unei game largi de produse, inclusiv automobile, piese auto, textile, \u00eembr\u0103c\u0103minte, plastic \u0219i o\u021bel.<\/p>\n<p>Claudia Sheinbaum, pre\u0219edinta Mexicului, a declarat c\u0103 scopul acestei m\u0103suri este de a stimula produc\u021bia intern\u0103 \u0219i de a reduce dezechilibrele comerciale. Totu\u0219i, se consider\u0103 c\u0103 aceast\u0103 decizie a fost influen\u021bat\u0103 \u0219i de presiunile exercitate de pre\u0219edintele Trump, \u00een contextul politicii comerciale stricte promovate de Washington \u00eempotriva Chinei.<\/p>\n<p>Este important de men\u021bionat c\u0103 China reprezint\u0103 al doilea cel mai mare partener comercial al Mexicului, dup\u0103 Statele Unite. Beijingul a avertizat anterior c\u0103 va \u201elua m\u0103suri\u201d pentru a-\u0219i proteja interesele economice, de\u0219i, p\u00e2n\u0103 \u00een prezent, nu au fost anun\u021bate represalii concrete.<\/p>\n","protected":false},"excerpt":{"rendered":"<p>\u00centr-o \u00eent\u00e2lnire ce a avut loc luni la Beijing, Li Chenggang, Reprezentant pentru Comer\u021b Interna\u021bional al Chinei, s-a \u00eent\u00e2lnit cu ministrul adjunct al Economiei din Mexic, conform unui comunicat de pres\u0103 difuzat joi de Ministerul Comer\u021bului din China. Comunicatul, citat de Reuters, subliniaz\u0103 c\u0103 cele dou\u0103 p\u0103r\u021bi au purtat \u201eschimburi aprofundate\u201d despre rela\u021biile economice \u0219i [&hellip;]<\/p>\n","protected":false},"author":2,"featured_media":2593,"comment_status":"open","ping_status":"open","sticky":false,"template":"","format":"standard","meta":{"jnews-multi-image_gallery":[],"jnews_single_post":[],"jnews_primary_category":[],"jnews_override_counter":[],"footnotes":""},"categories":[41],"tags":[4435,1459,2391,561,4434,3783,4433,2956],"class_list":["post-2592","post","type-post","status-publish","format-standard","has-post-thumbnail","hentry","category-externe","tag-acorduri-de-liber-schimb","tag-china","tag-comert-international","tag-mexic","tag-produse-importate","tag-relatii-economice","tag-schimburi-comerciale","tag-tarife-vamale"],"_links":{"self":[{"href":"https:\/\/www.newsrecorder.ro\/app\/wp-json\/wp\/v2\/posts\/2592","targetHints":{"allow":["GET"]}}],"collection":[{"href":"https:\/\/www.newsrecorder.ro\/app\/wp-json\/wp\/v2\/posts"}],"about":[{"href":"https:\/\/www.newsrecorder.ro\/app\/wp-json\/wp\/v2\/types\/post"}],"author":[{"embeddable":true,"href":"https:\/\/www.newsrecorder.ro\/app\/wp-json\/wp\/v2\/users\/2"}],"replies":[{"embeddable":true,"href":"https:\/\/www.newsrecorder.ro\/app\/wp-json\/wp\/v2\/comments?post=2592"}],"version-history":[{"count":0,"href":"https:\/\/www.newsrecorder.ro\/app\/wp-json\/wp\/v2\/posts\/2592\/revisions"}],"wp:featuredmedia":[{"embeddable":true,"href":"https:\/\/www.newsrecorder.ro\/app\/wp-json\/wp\/v2\/media\/2593"}],"wp:attachment":[{"href":"https:\/\/www.newsrecorder.ro\/app\/wp-json\/wp\/v2\/media?parent=2592"}],"wp:term":[{"taxonomy":"category","embeddable":true,"href":"https:\/\/www.newsrecorder.ro\/app\/wp-json\/wp\/v2\/categories?post=2592"},{"taxonomy":"post_tag","embeddable":true,"href":"https:\/\/www.newsrecorder.ro\/app\/wp-json\/wp\/v2\/tags?post=2592"}],"curies":[{"name":"wp","href":"https:\/\/api.w.org\/{rel}","templated":true}]}}