{"id":2600,"date":"2026-02-12T06:39:05","date_gmt":"2026-02-12T06:39:05","guid":{"rendered":"https:\/\/www.newsrecorder.ro\/app\/2026\/02\/12\/explozie-devastatoare-incendiu-la-o-baza-militara-din-rusia\/"},"modified":"2026-02-12T06:39:05","modified_gmt":"2026-02-12T06:39:05","slug":"explozie-devastatoare-incendiu-la-o-baza-militara-din-rusia","status":"publish","type":"post","link":"https:\/\/www.newsrecorder.ro\/app\/2026\/02\/12\/explozie-devastatoare-incendiu-la-o-baza-militara-din-rusia\/","title":{"rendered":"Explozie devastatoare: Incendiu la o baz\u0103 militar\u0103 din Rusia!"},"content":{"rendered":"<p>Guvernatorul Andrei Bocharov a anun\u021bat pe Telegram c\u0103 unit\u0103\u021bile de ap\u0103rare aerian\u0103 ale Ministerului Ap\u0103r\u0103rii din Rusia au reu\u0219it s\u0103 resping\u0103 un atac cu rachete \u00eendreptat c\u0103tre regiunea Volgograd. Conform <a href=\"https:\/\/www.lefigaro.fr\/international\/russie-incendie-dans-un-site-militaire-apres-une-attaque-de-missiles-20260212\" target=\"_blank\" rel=\"noopener\">Le Figaro<\/a>, incidentul a generat un incendiu provocat de c\u0103derea unor resturi de rachet\u0103 pe un teren al Ministerului Ap\u0103r\u0103rii, situat \u00een apropierea satului Kotluban.<\/p>\n<p>Bocharov a subliniat c\u0103 nu au fost raportate victime civile \u00een urma incidentului. Totu\u0219i, ca m\u0103sur\u0103 de precau\u021bie, a decis evacuarea locuitorilor din ora\u0219 pentru a-i proteja de riscurile posibile de explozie \u00een timpul opera\u021biunilor de stingere a incendiilor. Guvernatorul nu a oferit detalii despre originea atacului.<\/p>\n<p>\u00cen contextul conflictului \u00een curs dintre cele dou\u0103 \u021b\u0103ri, Ucraina a intensificat atacurile asupra teritoriului rus, trimi\u021b\u00e2nd <a href=\"https:\/\/www.mediafax.ro\/stirile-zilei\/incendiu-la-o-fabrica-volgograd-in-urma-unui-atac-cu-drone-23685065\" target=\"_blank\" rel=\"noopener\">drone<\/a> \u00een fiecare noapte, cu scopul de a viza \u00een special infrastructura energetic\u0103 a Rusiei, ca r\u0103spuns la bombardamentele suferite de teritoriul ucrainean \u00een ultimii patru ani.<\/p>\n<p>\u00centr-o alt\u0103 regiune, guvernatorul Evgeny Pervichev din Tambov a raportat un atac cu dron\u0103 ucrainean\u0103 care a cauzat daune unei \u0219coli militare. Elevii institu\u021biei au fost evacua\u021bi din c\u0103minele lor \u0219i transporta\u021bi la un spital din apropiere pentru \u00eengrijiri. Aceste evenimente reflect\u0103 escaladarea tensiunilor \u0219i a conflictelor \u00een zon\u0103, cu impact direct asupra civililor \u0219i infrastructurii. <\/p>\n","protected":false},"excerpt":{"rendered":"<p>Guvernatorul Andrei Bocharov a anun\u021bat pe Telegram c\u0103 unit\u0103\u021bile de ap\u0103rare aerian\u0103 ale Ministerului Ap\u0103r\u0103rii din Rusia au reu\u0219it s\u0103 resping\u0103 un atac cu rachete \u00eendreptat c\u0103tre regiunea Volgograd. Conform Le Figaro, incidentul a generat un incendiu provocat de c\u0103derea unor resturi de rachet\u0103 pe un teren al Ministerului Ap\u0103r\u0103rii, situat \u00een apropierea satului Kotluban. [&hellip;]<\/p>\n","protected":false},"author":2,"featured_media":2601,"comment_status":"open","ping_status":"open","sticky":false,"template":"","format":"standard","meta":{"jnews-multi-image_gallery":[],"jnews_single_post":[],"jnews_primary_category":[],"jnews_override_counter":[],"footnotes":""},"categories":[41],"tags":[4450,4451,4452,4454,2179,2911,689,4453],"class_list":["post-2600","post","type-post","status-publish","format-standard","has-post-thumbnail","hentry","category-externe","tag-andrei-bocharov","tag-aparare-aeriana","tag-atac-cu-rachete","tag-conflict-ucraina-rusia","tag-evacuare","tag-guvernator","tag-incendiu","tag-regiunea-volgograd"],"_links":{"self":[{"href":"https:\/\/www.newsrecorder.ro\/app\/wp-json\/wp\/v2\/posts\/2600","targetHints":{"allow":["GET"]}}],"collection":[{"href":"https:\/\/www.newsrecorder.ro\/app\/wp-json\/wp\/v2\/posts"}],"about":[{"href":"https:\/\/www.newsrecorder.ro\/app\/wp-json\/wp\/v2\/types\/post"}],"author":[{"embeddable":true,"href":"https:\/\/www.newsrecorder.ro\/app\/wp-json\/wp\/v2\/users\/2"}],"replies":[{"embeddable":true,"href":"https:\/\/www.newsrecorder.ro\/app\/wp-json\/wp\/v2\/comments?post=2600"}],"version-history":[{"count":0,"href":"https:\/\/www.newsrecorder.ro\/app\/wp-json\/wp\/v2\/posts\/2600\/revisions"}],"wp:featuredmedia":[{"embeddable":true,"href":"https:\/\/www.newsrecorder.ro\/app\/wp-json\/wp\/v2\/media\/2601"}],"wp:attachment":[{"href":"https:\/\/www.newsrecorder.ro\/app\/wp-json\/wp\/v2\/media?parent=2600"}],"wp:term":[{"taxonomy":"category","embeddable":true,"href":"https:\/\/www.newsrecorder.ro\/app\/wp-json\/wp\/v2\/categories?post=2600"},{"taxonomy":"post_tag","embeddable":true,"href":"https:\/\/www.newsrecorder.ro\/app\/wp-json\/wp\/v2\/tags?post=2600"}],"curies":[{"name":"wp","href":"https:\/\/api.w.org\/{rel}","templated":true}]}}