{"id":2626,"date":"2026-02-12T09:44:23","date_gmt":"2026-02-12T09:44:23","guid":{"rendered":"https:\/\/www.newsrecorder.ro\/app\/2026\/02\/12\/victor-rebengiuc-amenintat-dupa-anuntul-la-manifestatia-pro-europa\/"},"modified":"2026-02-12T09:44:23","modified_gmt":"2026-02-12T09:44:23","slug":"victor-rebengiuc-amenintat-dupa-anuntul-la-manifestatia-pro-europa","status":"publish","type":"post","link":"https:\/\/www.newsrecorder.ro\/app\/2026\/02\/12\/victor-rebengiuc-amenintat-dupa-anuntul-la-manifestatia-pro-europa\/","title":{"rendered":"Victor Rebengiuc, amenin\u021bat dup\u0103 anun\u021bul la manifesta\u021bia Pro-Europa!"},"content":{"rendered":"<p>Conform informa\u021biilor din surse judiciare, un actor a fost \u021binta unui mesaj de amenin\u021bare primit prin intermediul platformei Facebook.<\/p>\n<p><em>\u201eDin probatoriul administrat p\u00e2n\u0103 \u00een prezent \u00een aceast\u0103 cauz\u0103, s-a stabilit c\u0103, pe 5 decembrie 2024, dup\u0103 ce persoana v\u0103t\u0103mat\u0103 \u0219i-a anun\u021bat inten\u021bia de a participa la o manifesta\u021bie civic\u0103 organizat\u0103 \u00een Pia\u021ba Universit\u0103\u021bii, unde \u0219i-a exprimat public op\u021biunea de vot, a primit un mesaj amenin\u021b\u0103tor de la un utilizator al re\u021belei sociale. Mesajul con\u021binea amenin\u021b\u0103ri serioase, inclusiv o posibil\u0103 agresiune cu un topor, viz\u00e2nd zona vital\u0103 a capului, fapt ce a generat o stare de temere pentru persoana v\u0103t\u0103mat\u0103\u201d,<\/em> a comunicat Parchetul General.<\/p>\n<p>\u00cen urma acestui incident, anchetatorii au efectuat, joi, perchezi\u021bii la locuin\u021ba din Bucure\u0219ti a celor doi suspec\u021bi, acuza\u021bi de amenin\u021barea actorului.<\/p>\n<p>\u201e<em>Ast\u0103zi, 12 februarie 2026, sub coordonarea procurorului de caz din cadrul Sec\u021biei de urm\u0103rire penal\u0103 a Parchetului de pe l\u00e2ng\u0103 \u00cenalta Curte de Casa\u021bie \u0219i Justi\u021bie, a fost pus \u00een aplicare un mandat de perchezi\u021bie domiciliar\u0103 \u00een municipiul Bucure\u0219ti, la adresa celor doi suspec\u021bi, \u00een cadrul unei cauze penale ce vizeaz\u0103 s\u0103v\u00e2r\u0219irea infrac\u021biunii de <\/em><strong><em>amenin\u021bare\u201d,<\/em><\/strong><em> a informat Parchetul General.<\/em><\/p>\n<p>Investiga\u021bia a fost deschis\u0103 \u00een 2024, av\u00e2nd ca obiect prevenirea \u0219i combaterea instig\u0103rii publice, \u00een scopul protej\u0103rii ordinii publice \u0219i asigur\u0103rii unui climat de siguran\u021b\u0103 social\u0103.<\/p>\n","protected":false},"excerpt":{"rendered":"<p>Conform informa\u021biilor din surse judiciare, un actor a fost \u021binta unui mesaj de amenin\u021bare primit prin intermediul platformei Facebook. \u201eDin probatoriul administrat p\u00e2n\u0103 \u00een prezent \u00een aceast\u0103 cauz\u0103, s-a stabilit c\u0103, pe 5 decembrie 2024, dup\u0103 ce persoana v\u0103t\u0103mat\u0103 \u0219i-a anun\u021bat inten\u021bia de a participa la o manifesta\u021bie civic\u0103 organizat\u0103 \u00een Pia\u021ba Universit\u0103\u021bii, unde \u0219i-a [&hellip;]<\/p>\n","protected":false},"author":2,"featured_media":2627,"comment_status":"open","ping_status":"open","sticky":false,"template":"","format":"standard","meta":{"jnews-multi-image_gallery":[],"jnews_single_post":[],"jnews_primary_category":[],"jnews_override_counter":[],"footnotes":""},"categories":[39],"tags":[225,4053,362,2727,4505,4506,4497,2055],"class_list":["post-2626","post","type-post","status-publish","format-standard","has-post-thumbnail","hentry","category-stirile-zilei","tag-actor","tag-amenintare","tag-bucuresti","tag-facebook","tag-manifestatie","tag-parchetul-general","tag-perchezitii","tag-procuror"],"_links":{"self":[{"href":"https:\/\/www.newsrecorder.ro\/app\/wp-json\/wp\/v2\/posts\/2626","targetHints":{"allow":["GET"]}}],"collection":[{"href":"https:\/\/www.newsrecorder.ro\/app\/wp-json\/wp\/v2\/posts"}],"about":[{"href":"https:\/\/www.newsrecorder.ro\/app\/wp-json\/wp\/v2\/types\/post"}],"author":[{"embeddable":true,"href":"https:\/\/www.newsrecorder.ro\/app\/wp-json\/wp\/v2\/users\/2"}],"replies":[{"embeddable":true,"href":"https:\/\/www.newsrecorder.ro\/app\/wp-json\/wp\/v2\/comments?post=2626"}],"version-history":[{"count":0,"href":"https:\/\/www.newsrecorder.ro\/app\/wp-json\/wp\/v2\/posts\/2626\/revisions"}],"wp:featuredmedia":[{"embeddable":true,"href":"https:\/\/www.newsrecorder.ro\/app\/wp-json\/wp\/v2\/media\/2627"}],"wp:attachment":[{"href":"https:\/\/www.newsrecorder.ro\/app\/wp-json\/wp\/v2\/media?parent=2626"}],"wp:term":[{"taxonomy":"category","embeddable":true,"href":"https:\/\/www.newsrecorder.ro\/app\/wp-json\/wp\/v2\/categories?post=2626"},{"taxonomy":"post_tag","embeddable":true,"href":"https:\/\/www.newsrecorder.ro\/app\/wp-json\/wp\/v2\/tags?post=2626"}],"curies":[{"name":"wp","href":"https:\/\/api.w.org\/{rel}","templated":true}]}}