{"id":2628,"date":"2026-02-12T09:44:39","date_gmt":"2026-02-12T09:44:39","guid":{"rendered":"https:\/\/www.newsrecorder.ro\/app\/2026\/02\/12\/victor-negrescu-uniunea-europeana-nu-trebuie-sa-aiba-viteze-diferite\/"},"modified":"2026-02-12T09:44:39","modified_gmt":"2026-02-12T09:44:39","slug":"victor-negrescu-uniunea-europeana-nu-trebuie-sa-aiba-viteze-diferite","status":"publish","type":"post","link":"https:\/\/www.newsrecorder.ro\/app\/2026\/02\/12\/victor-negrescu-uniunea-europeana-nu-trebuie-sa-aiba-viteze-diferite\/","title":{"rendered":"Victor Negrescu: Uniunea European\u0103 nu trebuie s\u0103 aib\u0103 viteze diferite!"},"content":{"rendered":"<p>\u00cen cadrul reuniunii informale a Consiliului European care se desf\u0103\u0219oar\u0103 ast\u0103zi, Rom\u00e2nia este chemat\u0103 s\u0103 adopte o pozi\u021bie clar\u0103 \u0219i ferm\u0103, orientat\u0103 spre viitor. Europarlamentarul PSD, Victor Negrescu, a subliniat pe Facebook importan\u021ba respingerii conceptului unei Uniuni Europene cu mai multe viteze. El a avertizat c\u0103 o astfel de abordare ar putea ad\u00e2nci diferen\u021bele dintre statele membre \u0219i ar crea noi clivaje economice \u0219i sociale. Rom\u00e2nia nu poate accepta o Europ\u0103 fragmentat\u0103, \u00een care accesul la decizie \u0219i resurse depinde de cercuri restr\u00e2nse de integrare.<\/p>\n<p>Negrescu a accentuat c\u0103 Rom\u00e2nia trebuie s\u0103 adopte o atitudine \u201eproactiv\u0103\u201d \u00een cadrul discu\u021biilor europene. El a sugerat c\u0103 \u021bara noastr\u0103 poate propune \u0219i sus\u021bine forme de cooperare consolidat\u0103 \u00een domenii esen\u021biale, cum ar fi: securitatea cibernetic\u0103, reindustrializarea, autonomia strategic\u0103, combaterea declinului demografic, consolidarea pilonului social, investi\u021biile \u00een educa\u021bie \u0219i tehnologii emergente, dezvoltarea infrastructurii de transport \u0219i \u00eent\u0103rirea securit\u0103\u021bii maritime \u00een regiunea M\u0103rii Negre.<\/p>\n<p>\u00cen contextul dezbaterilor despre competitivitatea european\u0103, Negrescu a subliniat necesitatea unei \u201estrategii na\u021bionale coerente de competitivitate\u201d, care s\u0103 fie corelat\u0103 cu priorit\u0103\u021bile europene \u0219i s\u0103 se bazeze pe utilizarea inteligent\u0103 a fondurilor europene. El a insistat pe importan\u021ba deschiderii viitoarelor mecanisme de finan\u021bare pentru toate statele membre, inclusiv pentru cele care nu fac parte din zona euro. \u201eCompetitivitatea nu trebuie s\u0103 devin\u0103 un nou criteriu de excludere, ci un instrument de convergen\u021b\u0103 real\u0103\u201d, a ad\u0103ugat el.<\/p>\n<p>\u00cen concluzie, Negrescu a subliniat c\u0103 ar fi o gre\u0219eal\u0103 major\u0103 s\u0103 abord\u0103m aceste dezbateri cu pasivitate. \u201eViitorul Uniunii se decide acum. Rom\u00e2nia are nevoie de o Uniune European\u0103 coeziv\u0103, solidar\u0103 \u0219i echitabil\u0103, cu un proces decizional transparent \u0219i incluziv. Vocea noastr\u0103 trebuie s\u0103 fie auzit\u0103\u201d, a conchis acesta.<\/p>\n<p>Reuniunea informal\u0103 a liderilor din cadrul Consiliului European se desf\u0103\u0219oar\u0103 la castelul Alden-Biesen din Belgia, iar la summit particip\u0103 \u0219i pre\u0219edintele Rom\u00e2niei, <a href=\"https:\/\/www.mediafax.ro\/politic\/nicusor-dan-participa-la-reuniunea-informala-a-liderilor-din-cadrul-consiliului-european-23685639\">Nicu\u0219or Dan<\/a>.<\/p>\n","protected":false},"excerpt":{"rendered":"<p>\u00cen cadrul reuniunii informale a Consiliului European care se desf\u0103\u0219oar\u0103 ast\u0103zi, Rom\u00e2nia este chemat\u0103 s\u0103 adopte o pozi\u021bie clar\u0103 \u0219i ferm\u0103, orientat\u0103 spre viitor. Europarlamentarul PSD, Victor Negrescu, a subliniat pe Facebook importan\u021ba respingerii conceptului unei Uniuni Europene cu mai multe viteze. El a avertizat c\u0103 o astfel de abordare ar putea ad\u00e2nci diferen\u021bele dintre [&hellip;]<\/p>\n","protected":false},"author":2,"featured_media":2629,"comment_status":"open","ping_status":"open","sticky":false,"template":"","format":"standard","meta":{"jnews-multi-image_gallery":[],"jnews_single_post":[],"jnews_primary_category":[],"jnews_override_counter":[],"footnotes":""},"categories":[39],"tags":[291,4507,2413,4509,149,4508,321,3912],"class_list":["post-2628","post","type-post","status-publish","format-standard","has-post-thumbnail","hentry","category-stirile-zilei","tag-consiliul-european","tag-cooperare-consolidata","tag-declin-demografic","tag-investitii-in-educatie","tag-romania","tag-securitate-cibernetica","tag-uniunea-europeana","tag-victor-negrescu"],"_links":{"self":[{"href":"https:\/\/www.newsrecorder.ro\/app\/wp-json\/wp\/v2\/posts\/2628","targetHints":{"allow":["GET"]}}],"collection":[{"href":"https:\/\/www.newsrecorder.ro\/app\/wp-json\/wp\/v2\/posts"}],"about":[{"href":"https:\/\/www.newsrecorder.ro\/app\/wp-json\/wp\/v2\/types\/post"}],"author":[{"embeddable":true,"href":"https:\/\/www.newsrecorder.ro\/app\/wp-json\/wp\/v2\/users\/2"}],"replies":[{"embeddable":true,"href":"https:\/\/www.newsrecorder.ro\/app\/wp-json\/wp\/v2\/comments?post=2628"}],"version-history":[{"count":0,"href":"https:\/\/www.newsrecorder.ro\/app\/wp-json\/wp\/v2\/posts\/2628\/revisions"}],"wp:featuredmedia":[{"embeddable":true,"href":"https:\/\/www.newsrecorder.ro\/app\/wp-json\/wp\/v2\/media\/2629"}],"wp:attachment":[{"href":"https:\/\/www.newsrecorder.ro\/app\/wp-json\/wp\/v2\/media?parent=2628"}],"wp:term":[{"taxonomy":"category","embeddable":true,"href":"https:\/\/www.newsrecorder.ro\/app\/wp-json\/wp\/v2\/categories?post=2628"},{"taxonomy":"post_tag","embeddable":true,"href":"https:\/\/www.newsrecorder.ro\/app\/wp-json\/wp\/v2\/tags?post=2628"}],"curies":[{"name":"wp","href":"https:\/\/api.w.org\/{rel}","templated":true}]}}