{"id":2632,"date":"2026-02-12T10:08:06","date_gmt":"2026-02-12T10:08:06","guid":{"rendered":"https:\/\/www.newsrecorder.ro\/app\/2026\/02\/12\/robert-negoita-pozitiv-la-cocaina-isi-va-cere-scuze-daca-e-negativ\/"},"modified":"2026-02-12T10:08:06","modified_gmt":"2026-02-12T10:08:06","slug":"robert-negoita-pozitiv-la-cocaina-isi-va-cere-scuze-daca-e-negativ","status":"publish","type":"post","link":"https:\/\/www.newsrecorder.ro\/app\/2026\/02\/12\/robert-negoita-pozitiv-la-cocaina-isi-va-cere-scuze-daca-e-negativ\/","title":{"rendered":"Robert Negoi\u021b\u0103, pozitiv la cocain\u0103: \u00ce\u0219i va cere scuze dac\u0103 e negativ?"},"content":{"rendered":"<p>Recent, o filmare controversat\u0103 a avut loc \u00een incinta Tribunalului Bucure\u0219ti, unde edilul suspendat, Robert Negoi\u021b\u0103, era implicat \u00eentr-un dosar penal pentru abuz \u00een serviciu. Aceasta a fost declan\u0219at\u0103 de perchezi\u021biile efectuate de procurorii Direc\u021biei Na\u021bionale Anticorup\u021bie (DNA) la <strong>Prim\u0103ria Sectorului 3<\/strong>. Cazul vizeaz\u0103 construirea unui drum din fonduri publice \u00een beneficiul fratelui s\u0103u, precum \u0219i alte posibile fapte de corup\u021bie. Ca urmare a audierilor, Negoi\u021b\u0103 a fost pus sub control judiciar, interzic\u00e2ndu-i-se exerci\u021biul func\u021biei de primar pe perioada procesului.<\/p>\n<p>\u00cen cadrul film\u0103rii, protestatarul Marian Moro\u0219anu \u00eei propune lui Negoi\u021b\u0103 un test rapid de detec\u021bie a cocainelor, iar edilul accept\u0103 provocarea. \u00cenainte ca rezultatul testului s\u0103 fie afi\u0219at, Negoi\u021b\u0103 \u00eentreab\u0103: \u201e\u00ce\u021bi ceri scuze public c\u00e2nd va ie\u0219i negativ?\u201d La care Moro\u0219anu r\u0103spunde afirmativ. Cu toate acestea, rezultatul testului rapid se dovede\u0219te a fi pozitiv pentru cocain\u0103. Negoi\u021b\u0103 contest\u0103 acest rezultat, afirm\u00e2nd c\u0103 nu consider\u0103 testul ca fiind unul de \u00eencredere.<\/p>\n<p>Videoclipul cu incidentul a fost postat pe pagina de Facebook a lui Marian Moro\u0219anu, un cunoscut activist civic \u0219i protestatar. Acesta a anun\u021bat \u00eenc\u0103 din anul precedent c\u0103 inten\u021bioneaz\u0103 s\u0103 testeze to\u021bi primarii din Bucure\u0219ti pentru consum de droguri.<\/p>\n<p>Autorit\u0103\u021bile nu au oferit p\u00e2n\u0103 \u00een prezent vreo declara\u021bie oficial\u0103 cu privire la rezultatul testului efectuat. Este important de men\u021bionat c\u0103 testele rapide de droguri, precum cel folosit \u00een filmare, au un caracter indicativ \u0219i nu constituie o dovad\u0103 definitiv\u0103 \u00eentr-un context juridic sau medical. Aceste teste pot produce at\u00e2t rezultate fals pozitive, c\u00e2t \u0219i fals negative, iar speciali\u0219tii recomand\u0103 confirmarea rezultatelor prin analize de laborator pentru a stabili consumul real de substan\u021be.<\/p>\n<p>P\u00e2n\u0103 acum, nici Robert Negoi\u021b\u0103, nici reprezentan\u021bii biroului s\u0103u de avocatur\u0103 sau ai instan\u021belor nu au comentat oficial asupra acestei film\u0103ri sau a rezultatului testului de droguri.<\/p>\n","protected":false},"excerpt":{"rendered":"<p>Recent, o filmare controversat\u0103 a avut loc \u00een incinta Tribunalului Bucure\u0219ti, unde edilul suspendat, Robert Negoi\u021b\u0103, era implicat \u00eentr-un dosar penal pentru abuz \u00een serviciu. Aceasta a fost declan\u0219at\u0103 de perchezi\u021biile efectuate de procurorii Direc\u021biei Na\u021bionale Anticorup\u021bie (DNA) la Prim\u0103ria Sectorului 3. Cazul vizeaz\u0103 construirea unui drum din fonduri publice \u00een beneficiul fratelui s\u0103u, precum [&hellip;]<\/p>\n","protected":false},"author":2,"featured_media":2633,"comment_status":"open","ping_status":"open","sticky":false,"template":"","format":"standard","meta":{"jnews-multi-image_gallery":[],"jnews_single_post":[],"jnews_primary_category":[],"jnews_override_counter":[],"footnotes":""},"categories":[39],"tags":[4517,4518,2620,1076,3130,270,4516,3576],"class_list":["post-2632","post","type-post","status-publish","format-standard","has-post-thumbnail","hentry","category-stirile-zilei","tag-abuz-in-serviciu","tag-cocaina","tag-control-judiciar","tag-coruptie","tag-dna","tag-protest","tag-robert-negoita","tag-tribunalul-bucuresti"],"_links":{"self":[{"href":"https:\/\/www.newsrecorder.ro\/app\/wp-json\/wp\/v2\/posts\/2632","targetHints":{"allow":["GET"]}}],"collection":[{"href":"https:\/\/www.newsrecorder.ro\/app\/wp-json\/wp\/v2\/posts"}],"about":[{"href":"https:\/\/www.newsrecorder.ro\/app\/wp-json\/wp\/v2\/types\/post"}],"author":[{"embeddable":true,"href":"https:\/\/www.newsrecorder.ro\/app\/wp-json\/wp\/v2\/users\/2"}],"replies":[{"embeddable":true,"href":"https:\/\/www.newsrecorder.ro\/app\/wp-json\/wp\/v2\/comments?post=2632"}],"version-history":[{"count":0,"href":"https:\/\/www.newsrecorder.ro\/app\/wp-json\/wp\/v2\/posts\/2632\/revisions"}],"wp:featuredmedia":[{"embeddable":true,"href":"https:\/\/www.newsrecorder.ro\/app\/wp-json\/wp\/v2\/media\/2633"}],"wp:attachment":[{"href":"https:\/\/www.newsrecorder.ro\/app\/wp-json\/wp\/v2\/media?parent=2632"}],"wp:term":[{"taxonomy":"category","embeddable":true,"href":"https:\/\/www.newsrecorder.ro\/app\/wp-json\/wp\/v2\/categories?post=2632"},{"taxonomy":"post_tag","embeddable":true,"href":"https:\/\/www.newsrecorder.ro\/app\/wp-json\/wp\/v2\/tags?post=2632"}],"curies":[{"name":"wp","href":"https:\/\/api.w.org\/{rel}","templated":true}]}}