{"id":2644,"date":"2026-02-12T19:53:45","date_gmt":"2026-02-12T19:53:45","guid":{"rendered":"https:\/\/www.newsrecorder.ro\/app\/2026\/02\/12\/jocurile-olimpice-ucrainenii-nu-pot-omagia-sportivii-cazuti-la-milano\/"},"modified":"2026-02-12T19:53:45","modified_gmt":"2026-02-12T19:53:45","slug":"jocurile-olimpice-ucrainenii-nu-pot-omagia-sportivii-cazuti-la-milano","status":"publish","type":"post","link":"https:\/\/www.newsrecorder.ro\/app\/2026\/02\/12\/jocurile-olimpice-ucrainenii-nu-pot-omagia-sportivii-cazuti-la-milano\/","title":{"rendered":"Jocurile Olimpice: Ucrainenii nu pot omagia sportivii c\u0103zu\u021bi la Milano!"},"content":{"rendered":"<p style=\"text-align: left\">Recenta interdic\u021bie impus\u0103 sportivilor ucraineni a generat reac\u021bii vehemente, av\u00e2nd \u00een vedere c\u0103 unele dintre simbolurile refuzate erau dedicate memoriei sportivilor uci\u0219i \u00een conflictul din Ucraina.<\/p>\n<p style=\"text-align: left\">Patinatorul ucrainean de short track, Oleh Handei, a anun\u021bat miercuri c\u0103 nu va putea concura cu casca pe care era inscrip\u021bionat un citat din versurile poetei Lina Kostenko, o figur\u0103 emblematic\u0103 a literaturii ucrainene: \u201eAcolo unde exist\u0103 eroism, nu exist\u0103 \u00eenfr\u00e2ngere final\u0103\u201d.<\/p>\n<p style=\"text-align: left\">Conform declara\u021biilor sale, citate de <a href=\"https:\/\/kyivindependent.com\/remembrance-is-not-a-violation-third-ukrainian-athlete-barred-from-wearing-helmet-at-olympics\/\" target=\"_blank\" rel=\"noopener\">Kyiv Independent<\/a>, Handei a fost informat cu c\u00e2teva zile \u00eenainte de competi\u021bie c\u0103 echipamentul s\u0103u nu a trecut inspec\u021bia, fiind considerat un \u201eslogan politic\u201d.<\/p>\n<p style=\"text-align: left\">\u201eAu interzis casca, afirm\u00e2nd c\u0103 reprezint\u0103 un slogan politic legat de r\u0103zboi \u0219i c\u0103 nu este permis. Le-am tradus literal \u2013 nu este un slogan politic. Este un mesaj de \u00eencurajare pentru mine, pentru echipa mea \u0219i pentru \u021bara mea\u201d, a explicat patinatorul.<\/p>\n<p style=\"text-align: left\">Handei este al treilea sportiv ucrainean care se confrunt\u0103 cu o astfel de interdic\u021bie la Jocurile Olimpice de iarn\u0103 din 2026. \u00cen ultimele zile, al\u021bi doi sportivi au avut parte de tratamente similare.<\/p>\n<p style=\"text-align: left\">Schioarea freestyle Kateryna Kotsar a fost nevoit\u0103 s\u0103 renun\u021be la casca ei, pe care era scris mesajul \u201eFii curajos ca ucrainenii\u201d. De asemenea, Vladyslav Heraskevych, un sportiv la proba de skeleton, nu a fost autorizat s\u0103 poarte o casc\u0103 pe care erau reprezentate fe\u021bele sportivilor uci\u0219i \u00een timpul invaziei ruse.<\/p>\n<p style=\"text-align: left\">Comitetul Interna\u021bional Olimpic a justificat aceste decizii prin afirmarea c\u0103 regulamentul interzice \u201epolitizarea sportului\u201d. Cu toate acestea, sportivii ucraineni sus\u021bin c\u0103 mesajele de pe c\u0103\u0219tile lor nu au leg\u0103tur\u0103 cu politica. Handei a subliniat c\u0103 citatul pe care \u00eel poart\u0103 este pur \u0219i simplu o surs\u0103 de inspira\u021bie dintr-o poet\u0103 pe care o admir\u0103: \u201eEste vorba despre cuvintele unei persoane pe care o respect \u0219i le urmez, f\u0103r\u0103 leg\u0103tur\u0103 cu r\u0103zboiul. Totu\u0219i, nu mi s-a permis s\u0103 port casca. Am \u00eencercat s\u0103 discut, dar am fost informat c\u0103 ar fi mai bine s\u0103 nu insist\u201d, a declarat el.<\/p>\n<p style=\"text-align: left\">Cazul lui Heraskevych a st\u00e2rnit \u0219i mai mult\u0103 indignare. Sportivul a criticat public decizia, compar\u00e2nd tratamentul s\u0103u cu cel al unui sportiv israelian care a purtat o kipa la ceremonia de deschidere, pe care erau scrise numele celor 11 sportivi \u0219i antrenori uci\u0219i \u00een atentatul de la Jocurile Olimpice din 1972, de la M\u00fcnchen.<\/p>\n<p style=\"text-align: left\">\u201eSincer, nu \u00een\u021beleg cum aceste dou\u0103 situa\u021bii sunt fundamental diferite. Regulile sunt acelea\u0219i pentru ceremonii, premiere \u0219i competi\u021bii. De ce exist\u0103 un tratament diferit pentru ucraineni?\u201d, a \u00eentrebat Heraskevych, exprim\u00e2ndu-\u0219i confuzia \u00een leg\u0103tur\u0103 cu standardele duble aplicate de organizatori.<\/p>\n<p style=\"text-align: left\">\u0218eful armatei ucrainene, Oleksandr S\u00eerski, a reac\u021bionat \u0219i el pe re\u021belele sociale, post\u00e2nd o fotografie cu casca interzis\u0103 \u0219i mesajul: \u201eComemorarea nu este o \u00eenc\u0103lcare\u201d. \u00cen Ucraina, subiectul este extrem de delicat, av\u00e2nd \u00een vedere c\u0103 sute de sportivi \u0219i antrenori au murit de la \u00eenceputul invaziei ruse, iar multe baze sportive au fost distruse \u00een urma atacurilor.<\/p>\n<p style=\"text-align: left\">\u00cen contrast, de\u0219i Rusia \u0219i Belarus nu particip\u0103 la Jocuri cu echipe na\u021bionale, sportivii din aceste \u021b\u0103ri au dreptul s\u0103 concureze individual sub statut neutru. Handei a men\u021bionat c\u0103 tensiunile sunt evidente chiar \u0219i \u00eentre sportivi: \u201eExist\u0103 multe provoc\u0103ri din partea Rusiei \u0219i a sportivilor \u00abneutri\u00bb. Se simt amenin\u021b\u0103ri, manipul\u0103ri \u0219i \u00eencerc\u0103ri de a influen\u021ba\u201d, a ad\u0103ugat el.<\/p>\n<p style=\"text-align: left\">Patinatorul a \u00eencurajat \u0219i colegul s\u0103u Heraskevych, care a ales s\u0103 critice public deciziile oficialilor: \u201eSper s\u0103 nu-\u0219i schimbe pozi\u021bia \u0219i cuvintele, pentru c\u0103 trebuie s\u0103 lupt\u0103m. Iar at\u00e2ta timp c\u00e2t lupt\u0103m, putem c\u00e2\u0219tiga\u201d, a concluzionat Handei, subliniind importan\u021ba unit\u0103\u021bii \u00een fa\u021ba adversit\u0103\u021bii.<\/p>\n","protected":false},"excerpt":{"rendered":"<p>Recenta interdic\u021bie impus\u0103 sportivilor ucraineni a generat reac\u021bii vehemente, av\u00e2nd \u00een vedere c\u0103 unele dintre simbolurile refuzate erau dedicate memoriei sportivilor uci\u0219i \u00een conflictul din Ucraina. Patinatorul ucrainean de short track, Oleh Handei, a anun\u021bat miercuri c\u0103 nu va putea concura cu casca pe care era inscrip\u021bionat un citat din versurile poetei Lina Kostenko, o [&hellip;]<\/p>\n","protected":false},"author":6,"featured_media":2645,"comment_status":"open","ping_status":"open","sticky":false,"template":"","format":"standard","meta":{"jnews-multi-image_gallery":[],"jnews_single_post":[],"jnews_primary_category":[],"jnews_override_counter":[],"footnotes":""},"categories":[46],"tags":[4317,4544,4541,915,4542,4543,839,682],"class_list":["post-2644","post","type-post","status-publish","format-standard","has-post-thumbnail","hentry","category-sport","tag-interdictie","tag-lina-kostenko","tag-oleh-handei","tag-razboi","tag-short-track","tag-slogan-politic","tag-sportivi","tag-ucraina"],"_links":{"self":[{"href":"https:\/\/www.newsrecorder.ro\/app\/wp-json\/wp\/v2\/posts\/2644","targetHints":{"allow":["GET"]}}],"collection":[{"href":"https:\/\/www.newsrecorder.ro\/app\/wp-json\/wp\/v2\/posts"}],"about":[{"href":"https:\/\/www.newsrecorder.ro\/app\/wp-json\/wp\/v2\/types\/post"}],"author":[{"embeddable":true,"href":"https:\/\/www.newsrecorder.ro\/app\/wp-json\/wp\/v2\/users\/6"}],"replies":[{"embeddable":true,"href":"https:\/\/www.newsrecorder.ro\/app\/wp-json\/wp\/v2\/comments?post=2644"}],"version-history":[{"count":0,"href":"https:\/\/www.newsrecorder.ro\/app\/wp-json\/wp\/v2\/posts\/2644\/revisions"}],"wp:featuredmedia":[{"embeddable":true,"href":"https:\/\/www.newsrecorder.ro\/app\/wp-json\/wp\/v2\/media\/2645"}],"wp:attachment":[{"href":"https:\/\/www.newsrecorder.ro\/app\/wp-json\/wp\/v2\/media?parent=2644"}],"wp:term":[{"taxonomy":"category","embeddable":true,"href":"https:\/\/www.newsrecorder.ro\/app\/wp-json\/wp\/v2\/categories?post=2644"},{"taxonomy":"post_tag","embeddable":true,"href":"https:\/\/www.newsrecorder.ro\/app\/wp-json\/wp\/v2\/tags?post=2644"}],"curies":[{"name":"wp","href":"https:\/\/api.w.org\/{rel}","templated":true}]}}