{"id":2648,"date":"2026-02-12T19:54:07","date_gmt":"2026-02-12T19:54:07","guid":{"rendered":"https:\/\/www.newsrecorder.ro\/app\/2026\/02\/12\/sportivii-romani-stralucesc-joi-la-jocurile-olimpice-iata-programul\/"},"modified":"2026-02-12T19:54:07","modified_gmt":"2026-02-12T19:54:07","slug":"sportivii-romani-stralucesc-joi-la-jocurile-olimpice-iata-programul","status":"publish","type":"post","link":"https:\/\/www.newsrecorder.ro\/app\/2026\/02\/12\/sportivii-romani-stralucesc-joi-la-jocurile-olimpice-iata-programul\/","title":{"rendered":"Sportivii rom\u00e2ni str\u0103lucesc joi la Jocurile Olimpice! Iat\u0103 programul!"},"content":{"rendered":"<p>Ast\u0103zi, de la ora 14:00, Delia Reit va participa la proba de 10 km liber interval \u00een cadrul competi\u021biei de schi fond.<\/p>\n<p>\u00cencep\u00e2nd cu ora 19:30, va avea loc \u0219i proba de sanie, unde se va desf\u0103\u0219ura \u0219tafeta pe echipe. Rom\u00e2nia va fi reprezentat\u0103 de un grup talentat, format din Valentin Cre\u021bu, Corina Buz\u0103toiu, Marian G\u00eetlan \u0219i Darius \u0218erban, al\u0103turi de Raluca Str\u0103m\u0103turaru \u0219i Carmen Manolescu.<\/p>\n<p>La Jocurile Olimpice de la Milano Cortina, Rom\u00e2nia va fi reprezentat\u0103 de un total de 29 de sportivi, dintre care unul este rezerv\u0103, ace\u0219tia concur\u00e2nd \u00een opt discipline sportive diferite.<\/p>\n","protected":false},"excerpt":{"rendered":"<p>Ast\u0103zi, de la ora 14:00, Delia Reit va participa la proba de 10 km liber interval \u00een cadrul competi\u021biei de schi fond. \u00cencep\u00e2nd cu ora 19:30, va avea loc \u0219i proba de sanie, unde se va desf\u0103\u0219ura \u0219tafeta pe echipe. Rom\u00e2nia va fi reprezentat\u0103 de un grup talentat, format din Valentin Cre\u021bu, Corina Buz\u0103toiu, Marian [&hellip;]<\/p>\n","protected":false},"author":6,"featured_media":2649,"comment_status":"open","ping_status":"open","sticky":false,"template":"","format":"standard","meta":{"jnews-multi-image_gallery":[],"jnews_single_post":[],"jnews_primary_category":[],"jnews_override_counter":[],"footnotes":""},"categories":[46],"tags":[56,4549,1113,833,2533,2539,3840,2748],"class_list":["post-2648","post","type-post","status-publish","format-standard","has-post-thumbnail","hentry","category-sport","tag-competitie","tag-delia-reit","tag-echipe","tag-jocurile-olimpice","tag-milano-cortina","tag-sanie","tag-schi-fond","tag-sportivi-romani"],"_links":{"self":[{"href":"https:\/\/www.newsrecorder.ro\/app\/wp-json\/wp\/v2\/posts\/2648","targetHints":{"allow":["GET"]}}],"collection":[{"href":"https:\/\/www.newsrecorder.ro\/app\/wp-json\/wp\/v2\/posts"}],"about":[{"href":"https:\/\/www.newsrecorder.ro\/app\/wp-json\/wp\/v2\/types\/post"}],"author":[{"embeddable":true,"href":"https:\/\/www.newsrecorder.ro\/app\/wp-json\/wp\/v2\/users\/6"}],"replies":[{"embeddable":true,"href":"https:\/\/www.newsrecorder.ro\/app\/wp-json\/wp\/v2\/comments?post=2648"}],"version-history":[{"count":0,"href":"https:\/\/www.newsrecorder.ro\/app\/wp-json\/wp\/v2\/posts\/2648\/revisions"}],"wp:featuredmedia":[{"embeddable":true,"href":"https:\/\/www.newsrecorder.ro\/app\/wp-json\/wp\/v2\/media\/2649"}],"wp:attachment":[{"href":"https:\/\/www.newsrecorder.ro\/app\/wp-json\/wp\/v2\/media?parent=2648"}],"wp:term":[{"taxonomy":"category","embeddable":true,"href":"https:\/\/www.newsrecorder.ro\/app\/wp-json\/wp\/v2\/categories?post=2648"},{"taxonomy":"post_tag","embeddable":true,"href":"https:\/\/www.newsrecorder.ro\/app\/wp-json\/wp\/v2\/tags?post=2648"}],"curies":[{"name":"wp","href":"https:\/\/api.w.org\/{rel}","templated":true}]}}