{"id":2652,"date":"2026-02-12T19:54:49","date_gmt":"2026-02-12T19:54:49","guid":{"rendered":"https:\/\/www.newsrecorder.ro\/app\/2026\/02\/12\/se-anunta-ninsori-masive-la-inceputul-saptamanii-viitoare\/"},"modified":"2026-02-12T19:54:49","modified_gmt":"2026-02-12T19:54:49","slug":"se-anunta-ninsori-masive-la-inceputul-saptamanii-viitoare","status":"publish","type":"post","link":"https:\/\/www.newsrecorder.ro\/app\/2026\/02\/12\/se-anunta-ninsori-masive-la-inceputul-saptamanii-viitoare\/","title":{"rendered":"Se anun\u021b\u0103 ninsori masive la \u00eenceputul s\u0103pt\u0103m\u00e2nii viitoare!"},"content":{"rendered":"<p>O analiz\u0103 recent\u0103 a modelului ECMWF, realizat\u0103 de Mediafax pe platforma WXCharts, sugereaz\u0103 c\u0103 s\u0103pt\u0103m\u00e2na viitoare ar putea avea parte de un episod semnificativ de vreme de iarn\u0103. Aceasta ar putea include o r\u0103cire accentuat\u0103 \u0219i precipita\u021bii ce ar putea transforma \u00een ninsoare pe arii extinse, inclusiv \u00een zona Capitalei.<\/p>\n<p>Conform prognozelor, \u00eentre 14 \u0219i 15 februarie, se anticipaz\u0103 precipita\u021bii mai intense \u00een regiunile vestice \u0219i sud-vestice ale \u021b\u0103rii, \u00een special \u00een Oltenia \u0219i Banat, precum \u0219i \u00een zonele montane, unde ninsorile sunt foarte posibile.<\/p>\n<p>\u00cencep\u00e2nd cu luni, 16 februarie, modelul prezice intrarea unei mase de aer rece, ceea ce va determina extinderea precipita\u021biilor spre centrul \u0219i sudul \u021b\u0103rii. Scenariul actual indic\u0103 o probabilitate crescut\u0103 de ninsoare \u00een sud \u0219i est pe parcursul serii de luni \u0219i \u00een zilele de mar\u021bi, 16 \u0219i 17 februarie, ceea ce ar putea afecta inclusiv Bucure\u0219tiul \u0219i regiunile din Moldova.<\/p>\n<p>Pe 18 februarie, proiec\u021bia sugereaz\u0103 o diminuare a precipita\u021biilor, acestea concentr\u00e2ndu-se mai ales \u00een est \u0219i nord-est, cu semnale mai clare pentru zona Dobrogea. Pe 19 februarie, se estimeaz\u0103 o sc\u0103dere suplimentar\u0103 a activit\u0103\u021bii precipita\u021biilor \u00een majoritatea regiunilor.<\/p>\n<p>De asemenea, o analiz\u0103 separat\u0103, consultat\u0103 de Mediafax, prezice un strat de z\u0103pad\u0103 de peste 10 cm \u00een zona Bucure\u0219tiului. Depunerile de z\u0103pad\u0103 ar putea fi extinse \u00een sudul \u0219i estul \u021b\u0103rii.<\/p>\n<p>Speciali\u0219tii meteorologi subliniaz\u0103 c\u0103 <strong>aceste rul\u0103ri reprezint\u0103 scenarii de model care pot suferi modific\u0103ri de la o actualizare la alta<\/strong>, iar detaliile referitoare la aria exact\u0103 a ninsorilor, intensitatea \u0219i durata acestora se vor stabiliza pe m\u0103sur\u0103 ce perioada prognozat\u0103 se apropie.<\/p>\n","protected":false},"excerpt":{"rendered":"<p>O analiz\u0103 recent\u0103 a modelului ECMWF, realizat\u0103 de Mediafax pe platforma WXCharts, sugereaz\u0103 c\u0103 s\u0103pt\u0103m\u00e2na viitoare ar putea avea parte de un episod semnificativ de vreme de iarn\u0103. Aceasta ar putea include o r\u0103cire accentuat\u0103 \u0219i precipita\u021bii ce ar putea transforma \u00een ninsoare pe arii extinse, inclusiv \u00een zona Capitalei. Conform prognozelor, \u00eentre 14 \u0219i [&hellip;]<\/p>\n","protected":false},"author":5,"featured_media":2653,"comment_status":"open","ping_status":"open","sticky":false,"template":"","format":"standard","meta":{"jnews-multi-image_gallery":[],"jnews_single_post":[],"jnews_primary_category":[],"jnews_override_counter":[],"footnotes":""},"categories":[45],"tags":[197,362,4552,743,3209,135,132,4551],"class_list":["post-2652","post","type-post","status-publish","format-standard","has-post-thumbnail","hentry","category-meteo","tag-banat","tag-bucuresti","tag-ecmwf","tag-ninsoare","tag-oltenia","tag-precipitatii","tag-prognoza","tag-vreme-de-iarna"],"_links":{"self":[{"href":"https:\/\/www.newsrecorder.ro\/app\/wp-json\/wp\/v2\/posts\/2652","targetHints":{"allow":["GET"]}}],"collection":[{"href":"https:\/\/www.newsrecorder.ro\/app\/wp-json\/wp\/v2\/posts"}],"about":[{"href":"https:\/\/www.newsrecorder.ro\/app\/wp-json\/wp\/v2\/types\/post"}],"author":[{"embeddable":true,"href":"https:\/\/www.newsrecorder.ro\/app\/wp-json\/wp\/v2\/users\/5"}],"replies":[{"embeddable":true,"href":"https:\/\/www.newsrecorder.ro\/app\/wp-json\/wp\/v2\/comments?post=2652"}],"version-history":[{"count":0,"href":"https:\/\/www.newsrecorder.ro\/app\/wp-json\/wp\/v2\/posts\/2652\/revisions"}],"wp:featuredmedia":[{"embeddable":true,"href":"https:\/\/www.newsrecorder.ro\/app\/wp-json\/wp\/v2\/media\/2653"}],"wp:attachment":[{"href":"https:\/\/www.newsrecorder.ro\/app\/wp-json\/wp\/v2\/media?parent=2652"}],"wp:term":[{"taxonomy":"category","embeddable":true,"href":"https:\/\/www.newsrecorder.ro\/app\/wp-json\/wp\/v2\/categories?post=2652"},{"taxonomy":"post_tag","embeddable":true,"href":"https:\/\/www.newsrecorder.ro\/app\/wp-json\/wp\/v2\/tags?post=2652"}],"curies":[{"name":"wp","href":"https:\/\/api.w.org\/{rel}","templated":true}]}}