{"id":2664,"date":"2026-02-12T19:56:47","date_gmt":"2026-02-12T19:56:47","guid":{"rendered":"https:\/\/www.newsrecorder.ro\/app\/2026\/02\/12\/nicusor-dan-competitia-inseamna-salarii-mai-mari-si-conditii-mai-bune\/"},"modified":"2026-02-12T19:56:47","modified_gmt":"2026-02-12T19:56:47","slug":"nicusor-dan-competitia-inseamna-salarii-mai-mari-si-conditii-mai-bune","status":"publish","type":"post","link":"https:\/\/www.newsrecorder.ro\/app\/2026\/02\/12\/nicusor-dan-competitia-inseamna-salarii-mai-mari-si-conditii-mai-bune\/","title":{"rendered":"Nicu\u0219or Dan: \u201eCompeti\u021bia \u00eenseamn\u0103 salarii mai mari \u0219i condi\u021bii mai bune!\u201d"},"content":{"rendered":"<p>Pre\u0219edintele Nicu\u0219or Dan a oferit joi detalii importante la finalul reuniunii informale a Consiliului European care a avut loc \u00een Belgia, dedicat\u0103 \u00een principal competitivit\u0103\u021bii Uniunii Europene.<\/p>\n<p>\u201eTema competitivit\u0103\u021bii poate p\u0103rea abstract\u0103, dar \u00een realitate se refer\u0103 la condi\u021biile de via\u021b\u0103 ale cet\u0103\u021benilor, incluz\u00e2nd aspecte precum salariile \u0219i pre\u021burile pe care oamenii le pl\u0103tesc, care sunt str\u00e2ns legate de costul energiei\u201d, a afirmat Nicu\u0219or Dan.<\/p>\n<p><strong>Calendarul deciziilor \u0219i \u201eal 28-lea regim\u201d pentru companii<\/strong><\/p>\n<p>Nicu\u0219or Dan a \u00eenceput prin a sublinia aspectele procedurale stabilite \u00een cadrul \u00eent\u00e2lnirii. \u201e\u00cen cadrul discu\u021biilor de ast\u0103zi s-au stabilit termene pentru \u00eent\u00e2lniri viitoare. Un Consiliu va avea loc pe 18-19 martie, iar Comisia European\u0103 s-a angajat s\u0103 prezinte propuneri privind stabilirea pre\u021bului energiei, cu un accent deosebit pe reducerea acestuia, av\u00e2nd \u00een vedere impactul asupra competitivit\u0103\u021bii companiilor\u201d, a explicat el.<\/p>\n<p>Pre\u0219edintele Rom\u00e2niei a men\u021bionat c\u0103 \u00een martie \u0219i aprilie sunt a\u0219teptate propuneri esen\u021biale pentru mediul de afaceri. \u201eComisia va prezenta \u00een aprilie o propunere pentru ceea ce numim al 28-lea regim pentru companii, un sistem care va permite \u00eenregistrarea companiilor \u00een orice \u021bar\u0103 din Europa. Exist\u0103 promisiunea c\u0103 aceast\u0103 dezbatere se va finaliza p\u00e2n\u0103 la sf\u00e2r\u0219itul anului 2026\u201d, a ad\u0103ugat el.<\/p>\n<p>\u201eAceast\u0103 ini\u021biativ\u0103 va permite oricui dore\u0219te s\u0103 \u00eenfiin\u021beze o companie s\u0103 o fac\u0103 \u00eentr-o \u021bar\u0103 membr\u0103 sau sub acest al 28-lea regim, facilit\u00e2nd astfel activitatea \u00een \u00eentreaga Europ\u0103\u201d, a completat pre\u0219edintele.<\/p>\n<p><strong>ETS, energie \u0219i pre\u021buri<\/strong><\/p>\n<p>Nicu\u0219or Dan a anun\u021bat c\u0103 \u00een luna iunie va avea loc o discu\u021bie crucial\u0103 referitoare la mecanismul ETS, care reglementeaz\u0103 certificatele pentru emisiile de carbon. \u201e\u00cen iunie, vom aborda acest mecanism, care se refer\u0103 la certificatele pentru emisiile de gaze cu efect de ser\u0103\u201d, a spus el, subliniind importan\u021ba acestui subiect.<\/p>\n<p>\u201eO parte semnificativ\u0103 a discu\u021biilor s-a concentrat pe energie, deoarece competitivitatea Europei este afectat\u0103 de pre\u021burile ridicate la energie \u00een compara\u021bie cu Statele Unite \u0219i China\u201d, a ad\u0103ugat pre\u0219edintele.<\/p>\n<p>El a men\u021bionat c\u0103 discu\u021biile legate de ETS au fost complexe, \u00eentruc\u00e2t au existat dezbateri intense \u00eentre \u021b\u0103rile care au avansat \u00een dezvoltarea industriei de energie regenerabil\u0103 \u0219i cele care nu au progresat la acela\u0219i nivel, precum Rom\u00e2nia. \u201e\u00cen iunie, vom continua s\u0103 discut\u0103m despre reglementarea acestui mecanism. Exist\u0103 un consens c\u0103 o parte din cre\u0219terea pre\u021burilor provine din specula\u021bii pe pia\u021ba certificatelor, ceea ce nu ar trebui s\u0103 fie permis\u201d, a explicat Nicu\u0219or Dan.<\/p>\n<p>Un alt punct important discutat a fost crearea unei pie\u021be unice reale a energiei. \u201eSe contureaz\u0103 o majoritate care \u00ee\u0219i dore\u0219te investi\u021bii \u00een infrastructura energetic\u0103, astfel \u00eenc\u00e2t s\u0103 avem o pia\u021b\u0103 unic\u0103 cu pre\u021buri uniforme \u00een Uniune\u201d, a spus el.<\/p>\n<p><strong>Simplificare \u0219i reducerea birocra\u021biei<\/strong><\/p>\n<p>\u00cen ceea ce prive\u0219te pia\u021ba intern\u0103, discu\u021biile au pus accent pe reducerea birocra\u021biei. \u201eReprezentan\u021bii comunit\u0103\u021bii de afaceri din \u00eentreaga Europ\u0103 au subliniat c\u0103 birocra\u021bia este excesiv\u0103. De exemplu, cheltuielile companiilor pentru conformarea la reglement\u0103ri sunt de dou\u0103 ori mai mari dec\u00e2t cele pentru cercetare \u0219i dezvoltare, ceea ce este ineficient\u201d, a men\u021bionat Nicu\u0219or Dan.<\/p>\n<p>De asemenea, a fost abordat\u0103 \u0219i necesitatea cre\u0103rii unor \u201ecampioni europeni\u201d, adic\u0103 firme capabile s\u0103 concureze la nivel global. \u201eEste esen\u021bial s\u0103 dezvolt\u0103m aceste companii, iar pentru asta avem nevoie de un regim legislativ uniform \u00een statele europene, astfel \u00eenc\u00e2t s\u0103 poat\u0103 opera pe o pia\u021b\u0103 mai mare\u201d, a ad\u0103ugat pre\u0219edintele.<\/p>\n<p>\u201eNe dorim ca astfel de companii s\u0103 se dezvolte \u00een Rom\u00e2nia, dar trebuie s\u0103 ne asigur\u0103m c\u0103 infrastructura necesar\u0103 este digitalizat\u0103. Aceasta va crea o competi\u021bie intern\u0103, iar pentru a atrage aceste investi\u021bii, interac\u021biunea companiilor cu institu\u021biile statului trebuie s\u0103 fie eficientizat\u0103\u201d, a subliniat el.<\/p>\n<p><strong>Pia\u021ba unic\u0103 \u0219i bugetul european<\/strong><\/p>\n<p>Nicu\u0219or Dan a declarat c\u0103 Europa nu dispune \u00eenc\u0103 de o pia\u021b\u0103 unic\u0103 complet\u0103. \u201e\u00cen prezent, suntem doar la jum\u0103tate, deoarece nu exist\u0103 o pia\u021b\u0103 unic\u0103 real\u0103 pentru b\u0103nci, capitaluri sau telecomunica\u021bii, iar sectorul energetic este direct relevant pentru noi\u201d, a subliniat el.<\/p>\n<p>Discu\u021biile despre competitivitate \u00eentre liderii europeni au fost, de asemenea, legate de viitorul buget al Uniunii pentru perioada 2028-2034. \u201eAceasta este o tem\u0103 esen\u021bial\u0103, str\u00e2ns legat\u0103 de cadrul financiar multianual al Uniunii pentru acea perioad\u0103\u201d, a ad\u0103ugat el.<\/p>\n<p>\u201eUna dintre ideile importante discutate a fost necesitatea de a stimula domenii care nu se pot dezvolta doar cu fonduri private, cum ar fi inteligen\u021ba artificial\u0103, industria aerospa\u021bial\u0103 \u0219i cybersecurity. Discu\u021biile privind competitivitatea vor continua pe parcursul \u00eentregului an, la toate \u00eent\u00e2lnirile viitoare ale Consiliului\u201d, a concluzionat Nicu\u0219or Dan.<\/p>\n","protected":false},"excerpt":{"rendered":"<p>Pre\u0219edintele Nicu\u0219or Dan a oferit joi detalii importante la finalul reuniunii informale a Consiliului European care a avut loc \u00een Belgia, dedicat\u0103 \u00een principal competitivit\u0103\u021bii Uniunii Europene. \u201eTema competitivit\u0103\u021bii poate p\u0103rea abstract\u0103, dar \u00een realitate se refer\u0103 la condi\u021biile de via\u021b\u0103 ale cet\u0103\u021benilor, incluz\u00e2nd aspecte precum salariile \u0219i pre\u021burile pe care oamenii le pl\u0103tesc, care [&hellip;]<\/p>\n","protected":false},"author":2,"featured_media":2665,"comment_status":"open","ping_status":"open","sticky":false,"template":"","format":"standard","meta":{"jnews-multi-image_gallery":[],"jnews_single_post":[],"jnews_primary_category":[],"jnews_override_counter":[],"footnotes":""},"categories":[42],"tags":[513,4581,291,286,4580,4572,2978,321],"class_list":["post-2664","post","type-post","status-publish","format-standard","has-post-thumbnail","hentry","category-politica","tag-competitivitate","tag-conditii-de-viata","tag-consiliul-european","tag-nicusor-dan","tag-pretul-energiei","tag-propuneri","tag-salarii","tag-uniunea-europeana"],"_links":{"self":[{"href":"https:\/\/www.newsrecorder.ro\/app\/wp-json\/wp\/v2\/posts\/2664","targetHints":{"allow":["GET"]}}],"collection":[{"href":"https:\/\/www.newsrecorder.ro\/app\/wp-json\/wp\/v2\/posts"}],"about":[{"href":"https:\/\/www.newsrecorder.ro\/app\/wp-json\/wp\/v2\/types\/post"}],"author":[{"embeddable":true,"href":"https:\/\/www.newsrecorder.ro\/app\/wp-json\/wp\/v2\/users\/2"}],"replies":[{"embeddable":true,"href":"https:\/\/www.newsrecorder.ro\/app\/wp-json\/wp\/v2\/comments?post=2664"}],"version-history":[{"count":0,"href":"https:\/\/www.newsrecorder.ro\/app\/wp-json\/wp\/v2\/posts\/2664\/revisions"}],"wp:featuredmedia":[{"embeddable":true,"href":"https:\/\/www.newsrecorder.ro\/app\/wp-json\/wp\/v2\/media\/2665"}],"wp:attachment":[{"href":"https:\/\/www.newsrecorder.ro\/app\/wp-json\/wp\/v2\/media?parent=2664"}],"wp:term":[{"taxonomy":"category","embeddable":true,"href":"https:\/\/www.newsrecorder.ro\/app\/wp-json\/wp\/v2\/categories?post=2664"},{"taxonomy":"post_tag","embeddable":true,"href":"https:\/\/www.newsrecorder.ro\/app\/wp-json\/wp\/v2\/tags?post=2664"}],"curies":[{"name":"wp","href":"https:\/\/api.w.org\/{rel}","templated":true}]}}