{"id":2670,"date":"2026-02-12T20:11:25","date_gmt":"2026-02-12T20:11:25","guid":{"rendered":"https:\/\/www.newsrecorder.ro\/app\/2026\/02\/12\/avertizare-hidrologica-rauri-in-pericol-de-depasire-a-cotelor-2\/"},"modified":"2026-02-12T20:11:25","modified_gmt":"2026-02-12T20:11:25","slug":"avertizare-hidrologica-rauri-in-pericol-de-depasire-a-cotelor-2","status":"publish","type":"post","link":"https:\/\/www.newsrecorder.ro\/app\/2026\/02\/12\/avertizare-hidrologica-rauri-in-pericol-de-depasire-a-cotelor-2\/","title":{"rendered":"Avertizare hidrologic\u0103: R\u00e2uri \u00een pericol de dep\u0103\u0219ire a cotelor!"},"content":{"rendered":"<p>\u00cen contextul fenomenelor meteorologice extreme, Inspectoratul pentru Situa\u021bii de Urgen\u021b\u0103 Buz\u0103u a desf\u0103\u0219urat 21 de misiuni de evacuare a apei din gospod\u0103rii, locuin\u021be \u0219i unit\u0103\u021bi economice. Aceste interven\u021bii au avut loc \u00een municipiile Buz\u0103u \u0219i R\u00e2mnicu S\u0103rat, dar \u0219i \u00een localit\u0103\u021bile Tis\u0103u, Istri\u021ba de Jos (comuna S\u0103h\u0103teni), Coste\u0219ti, Vipere\u0219ti, Afuma\u021bi (comuna P\u00e2rscov), Topliceni, Podgoria, Lipia (comuna Merei), S\u0103tuc (comuna Berca) \u0219i Buda (comuna Buda).<\/p>\n<p>\u00cen prezent, echipele de interven\u021bie se concentreaz\u0103 pe evacuarea apei din zonele afectate de pe \u0218oseaua Sp\u0103tarului din municipiul Buz\u0103u, dar \u0219i \u00een comuna Verne\u0219ti \u0219i localitatea S\u0103tuc din comuna Berca.<\/p>\n<p>Accesul \u00een localitatea Mierea este limitat, iar cele 25 de locuin\u021be din zon\u0103 pot fi atinse doar cu autoturisme.<\/p>\n<p>Pompierii din Buz\u0103u au fost solicita\u021bi \u0219i pentru interven\u021bii suplimentare \u00een mai multe gospod\u0103rii \u0219i unit\u0103\u021bi, dup\u0103 cum urmeaz\u0103:<\/p>\n<ul>\n<li>Municipiul Buz\u0103u, depozit en-gros, sos. Br\u0103ilei;<\/li>\n<li>Municipiul Buz\u0103u, locuin\u021b\u0103, str. Prim\u0103verii;<\/li>\n<li>Localitatea S\u0103tuc, comuna Berca, locuin\u021b\u0103;<\/li>\n<li>Localitatea Buda, comuna Buda, locuin\u021b\u0103.<\/li>\n<\/ul>\n<p>Ac\u021biunile de evacuare a apei continu\u0103, cu scopul de a diminua efectele negative generate de inunda\u021bii.<\/p>\n<p>\u00cen ceea ce prive\u0219te avertiz\u0103rile meteorologice, hidrologii au emis o nou\u0103 alert\u0103 referitoare la scurgeri semnificative pe versan\u021bi, toren\u021bi \u0219i p\u00e2raie, precum \u0219i riscuri de inunda\u021bii locale. Aceste condi\u021bii sunt cauzate de precipita\u021biile prognozate, topirea z\u0103pezii \u0219i influen\u021ba form\u0103rii ghea\u021bei pe r\u00e2uri.<\/p>\n<p>\u00cen acest sens, speciali\u0219tii de la Apele Rom\u00e2ne au actualizat Avertizarea Hidrologic\u0103 nr. 12 din 05.02.2026, cu mesaje de avertizare pentru fenomene imediate. Un <strong>cod galben<\/strong> este \u00een vigoare \u00eentre 06.02.2026 ora 12:00 \u0219i 07.02.2026 ora 12:00, viz\u00e2nd r\u00e2urile din bazinele hidrografice, inclusiv r\u00e2ul Teleajen, Cricovul S\u0103rat, S\u0103rata, C\u0103lm\u0103\u0163ui, Ni\u015fcov \u0219i r\u00e2ul Buz\u0103u.<\/p>\n<p>De asemenea, \u00eentre 06.02.2026 ora 12:00 \u0219i 06.02.2026 ora 18:00, se va activa un <strong>cod portocaliu<\/strong> pe anumite sectoare de r\u00e2u. Avertiz\u0103rile anterioare din celelalte bazine hidrografice vor fi ridicate \u00eencep\u00e2nd cu 06.02.2026 ora 12:00.<\/p>\n<p>Este important de men\u021bionat c\u0103 fenomenele hidrologice periculoase pot ap\u0103rea \u0219i pe afluen\u021bi de grad inferior \u0219i pe cursuri de ap\u0103 ne\u00eenregistrate \u00een bazinele afectate.<\/p>\n","protected":false},"excerpt":{"rendered":"<p>\u00cen contextul fenomenelor meteorologice extreme, Inspectoratul pentru Situa\u021bii de Urgen\u021b\u0103 Buz\u0103u a desf\u0103\u0219urat 21 de misiuni de evacuare a apei din gospod\u0103rii, locuin\u021be \u0219i unit\u0103\u021bi economice. Aceste interven\u021bii au avut loc \u00een municipiile Buz\u0103u \u0219i R\u00e2mnicu S\u0103rat, dar \u0219i \u00een localit\u0103\u021bile Tis\u0103u, Istri\u021ba de Jos (comuna S\u0103h\u0103teni), Coste\u0219ti, Vipere\u0219ti, Afuma\u021bi (comuna P\u00e2rscov), Topliceni, Podgoria, Lipia [&hellip;]<\/p>\n","protected":false},"author":5,"featured_media":2671,"comment_status":"open","ping_status":"open","sticky":false,"template":"","format":"standard","meta":{"jnews-multi-image_gallery":[],"jnews_single_post":[],"jnews_primary_category":[],"jnews_override_counter":[],"footnotes":""},"categories":[45],"tags":[3036,4323,1941,4325,4327,3037,4586,4585],"class_list":["post-2670","post","type-post","status-publish","format-standard","has-post-thumbnail","hentry","category-meteo","tag-evacuare-apa","tag-fenomene-meteorologice-extreme","tag-gospodarii","tag-inspectoratul-pentru-situatii-de-urgenta","tag-interventii-pompieri","tag-localitati-afectate","tag-misiuni-de-salvare","tag-municipiul-buzu"],"_links":{"self":[{"href":"https:\/\/www.newsrecorder.ro\/app\/wp-json\/wp\/v2\/posts\/2670","targetHints":{"allow":["GET"]}}],"collection":[{"href":"https:\/\/www.newsrecorder.ro\/app\/wp-json\/wp\/v2\/posts"}],"about":[{"href":"https:\/\/www.newsrecorder.ro\/app\/wp-json\/wp\/v2\/types\/post"}],"author":[{"embeddable":true,"href":"https:\/\/www.newsrecorder.ro\/app\/wp-json\/wp\/v2\/users\/5"}],"replies":[{"embeddable":true,"href":"https:\/\/www.newsrecorder.ro\/app\/wp-json\/wp\/v2\/comments?post=2670"}],"version-history":[{"count":0,"href":"https:\/\/www.newsrecorder.ro\/app\/wp-json\/wp\/v2\/posts\/2670\/revisions"}],"wp:featuredmedia":[{"embeddable":true,"href":"https:\/\/www.newsrecorder.ro\/app\/wp-json\/wp\/v2\/media\/2671"}],"wp:attachment":[{"href":"https:\/\/www.newsrecorder.ro\/app\/wp-json\/wp\/v2\/media?parent=2670"}],"wp:term":[{"taxonomy":"category","embeddable":true,"href":"https:\/\/www.newsrecorder.ro\/app\/wp-json\/wp\/v2\/categories?post=2670"},{"taxonomy":"post_tag","embeddable":true,"href":"https:\/\/www.newsrecorder.ro\/app\/wp-json\/wp\/v2\/tags?post=2670"}],"curies":[{"name":"wp","href":"https:\/\/api.w.org\/{rel}","templated":true}]}}