{"id":2672,"date":"2026-02-12T20:11:42","date_gmt":"2026-02-12T20:11:42","guid":{"rendered":"https:\/\/www.newsrecorder.ro\/app\/2026\/02\/12\/vremea-in-martie-ce-ne-asteapta-in-urmatoarele-patru-saptamani-3\/"},"modified":"2026-02-12T20:11:42","modified_gmt":"2026-02-12T20:11:42","slug":"vremea-in-martie-ce-ne-asteapta-in-urmatoarele-patru-saptamani-3","status":"publish","type":"post","link":"https:\/\/www.newsrecorder.ro\/app\/2026\/02\/12\/vremea-in-martie-ce-ne-asteapta-in-urmatoarele-patru-saptamani-3\/","title":{"rendered":"Vremea \u00een martie: Ce ne a\u0219teapt\u0103 \u00een urm\u0103toarele patru s\u0103pt\u0103m\u00e2ni?"},"content":{"rendered":"<p>\u00cen perioada 9-16 februarie 2026, prognoza meteorologic\u0103 oferit\u0103 de Administra\u021bia Na\u021bional\u0103 de Meteorologie (ANM) indic\u0103 o cre\u0219tere a temperaturilor, care vor dep\u0103\u0219i valorile specifice acestui interval \u00een \u00eentreaga \u021bar\u0103. Abaterea termic\u0103 pozitiv\u0103 va fi mai accentuat\u0103 \u00een regiunile intracarpatice. De asemenea, se a\u0219teapt\u0103 ca precipita\u021biile s\u0103 fie excesive \u00een regiunile sudice, \u00een timp ce restul \u021b\u0103rii va beneficia de un regim pluviometric apropiat de cel normal pentru aceast\u0103 perioad\u0103.<\/p>\n<p>\u00cen s\u0103pt\u0103m\u00e2na 16-23 februarie 2026, temperaturile medii se vor men\u021bine \u00een jurul valorilor normale pentru acest interval, la nivel na\u021bional. Totodat\u0103, meteorologii anticipeaz\u0103 c\u0103, \u00een toate regiunile, cantit\u0103\u021bile de precipita\u021bii vor avea o tendin\u021b\u0103 u\u0219or excedentar\u0103.<\/p>\n<p>\u00centre 23 februarie \u0219i 2 martie, se estimeaz\u0103 c\u0103 temperaturile medii vor r\u0103m\u00e2ne \u00een limitele normale pentru aceast\u0103 perioad\u0103 pe \u00eentreg teritoriul \u021b\u0103rii. Regimul pluviometric va fi, de asemenea, aproape de cel normal, conform informa\u021biilor furnizate de speciali\u0219tii \u00een meteorologie.<\/p>\n<p>\u00cen s\u0103pt\u0103m\u00e2na 2-9 martie, media valorilor termice se va situa \u00een apropierea celor specifice acestei perioade, \u00een toat\u0103 Rom\u00e2nia. \u00cen plus, cantit\u0103\u021bile de precipita\u021bii vor fi, de asemenea, conforme cu normele obi\u0219nuite pentru acest interval, asigur\u00e2nd astfel un climat stabil pe teritoriul na\u021bional.<\/p>\n","protected":false},"excerpt":{"rendered":"<p>\u00cen perioada 9-16 februarie 2026, prognoza meteorologic\u0103 oferit\u0103 de Administra\u021bia Na\u021bional\u0103 de Meteorologie (ANM) indic\u0103 o cre\u0219tere a temperaturilor, care vor dep\u0103\u0219i valorile specifice acestui interval \u00een \u00eentreaga \u021bar\u0103. Abaterea termic\u0103 pozitiv\u0103 va fi mai accentuat\u0103 \u00een regiunile intracarpatice. De asemenea, se a\u0219teapt\u0103 ca precipita\u021biile s\u0103 fie excesive \u00een regiunile sudice, \u00een timp ce restul [&hellip;]<\/p>\n","protected":false},"author":5,"featured_media":2673,"comment_status":"open","ping_status":"open","sticky":false,"template":"","format":"standard","meta":{"jnews-multi-image_gallery":[],"jnews_single_post":[],"jnews_primary_category":[],"jnews_override_counter":[],"footnotes":""},"categories":[45],"tags":[1816,4587,135,1802,1812,3043,126,4588],"class_list":["post-2672","post","type-post","status-publish","format-standard","has-post-thumbnail","hentry","category-meteo","tag-administratia-nationala-de-meteorologie","tag-intervalul-februarie","tag-precipitatii","tag-prognoza-meteorologica","tag-regimul-pluviometric","tag-regiunile-intracarpatice","tag-temperaturi","tag-tendinte-meteorologice"],"_links":{"self":[{"href":"https:\/\/www.newsrecorder.ro\/app\/wp-json\/wp\/v2\/posts\/2672","targetHints":{"allow":["GET"]}}],"collection":[{"href":"https:\/\/www.newsrecorder.ro\/app\/wp-json\/wp\/v2\/posts"}],"about":[{"href":"https:\/\/www.newsrecorder.ro\/app\/wp-json\/wp\/v2\/types\/post"}],"author":[{"embeddable":true,"href":"https:\/\/www.newsrecorder.ro\/app\/wp-json\/wp\/v2\/users\/5"}],"replies":[{"embeddable":true,"href":"https:\/\/www.newsrecorder.ro\/app\/wp-json\/wp\/v2\/comments?post=2672"}],"version-history":[{"count":0,"href":"https:\/\/www.newsrecorder.ro\/app\/wp-json\/wp\/v2\/posts\/2672\/revisions"}],"wp:featuredmedia":[{"embeddable":true,"href":"https:\/\/www.newsrecorder.ro\/app\/wp-json\/wp\/v2\/media\/2673"}],"wp:attachment":[{"href":"https:\/\/www.newsrecorder.ro\/app\/wp-json\/wp\/v2\/media?parent=2672"}],"wp:term":[{"taxonomy":"category","embeddable":true,"href":"https:\/\/www.newsrecorder.ro\/app\/wp-json\/wp\/v2\/categories?post=2672"},{"taxonomy":"post_tag","embeddable":true,"href":"https:\/\/www.newsrecorder.ro\/app\/wp-json\/wp\/v2\/tags?post=2672"}],"curies":[{"name":"wp","href":"https:\/\/api.w.org\/{rel}","templated":true}]}}