{"id":2676,"date":"2026-02-12T20:12:16","date_gmt":"2026-02-12T20:12:16","guid":{"rendered":"https:\/\/www.newsrecorder.ro\/app\/2026\/02\/12\/cuba-ingheata-temperaturi-record-de-0c-pentru-prima-data-in-istorie-2\/"},"modified":"2026-02-12T20:12:16","modified_gmt":"2026-02-12T20:12:16","slug":"cuba-ingheata-temperaturi-record-de-0c-pentru-prima-data-in-istorie-2","status":"publish","type":"post","link":"https:\/\/www.newsrecorder.ro\/app\/2026\/02\/12\/cuba-ingheata-temperaturi-record-de-0c-pentru-prima-data-in-istorie-2\/","title":{"rendered":"Cuba \u00eenghea\u021b\u0103: Temperaturi record de 0\u00b0C pentru prima dat\u0103 \u00een istorie!"},"content":{"rendered":"<p>Sta\u021bia meteorologic\u0103 \u201eIndio Hatuey\u201d a marcat o premier\u0103 istoric\u0103 pentru Cuba, \u00eenregistr\u00e2nd mar\u021bi o temperatur\u0103 de 0 grade Celsius, ating\u00e2nd astfel pentru prima dat\u0103 punctul de \u00eenghe\u021b pe insul\u0103. Aceast\u0103 valoare reprezint\u0103 un nou record na\u021bional de temperatur\u0103 minim\u0103, conform unui anun\u021b f\u0103cut de Institutul de Meteorologie din Cuba pe pagina sa de Facebook.<\/p>\n<p>Anterior, recordul era de 0,6\u00b0C, m\u0103surat pe 18 februarie 1996, \u00een localitatea Bainoa, situat\u0103 \u00een apropierea ora\u0219ului Matanzas.<\/p>\n<p>Speciali\u0219tii de la centrul meteorologic din Matanzas au confirmat c\u0103 \u00eenghe\u021bul a afectat culturile din zona sta\u021biei \u201eIndio Hatuey\u201d, un fenomen rar \u00eentr-o \u021bar\u0103 cu un climat predominant tropical.<\/p>\n<p>Conform <a style=\"color: #0000ff\" href=\"https:\/\/www.ndtv.com\/world-news\/tropical-cuba-registers-freezing-point-for-first-time-10941199\" target=\"_blank\" rel=\"noopener\">NDTV<\/a>, Cuba a \u00eenceput s\u0103 monitorizeze datele meteorologice \u00eencep\u00e2nd cu mijlocul secolului al XIX-lea, iar precizia acestor date a crescut semnificativ \u00eencep\u00e2nd cu a doua jum\u0103tate a secolului XX.<\/p>\n<p>Temperatura minim\u0103 record a fost \u00eenregistrat\u0103 \u00een contextul unui front rece extrem de puternic care a venit din America de Nord, aduc\u00e2nd cu sine o mas\u0103 de aer polar \u00een regiunea Caraibelor.<\/p>\n<p>\u00cen acela\u0219i timp, o parte din Statele Unite se confrunt\u0103 cu condi\u021bii de ger extrem, dup\u0103 ce o furtun\u0103 masiv\u0103 de iarn\u0103 a provocat zeci de decese \u0219i a l\u0103sat sute de mii de oameni f\u0103r\u0103 electricitate.<\/p>\n","protected":false},"excerpt":{"rendered":"<p>Sta\u021bia meteorologic\u0103 \u201eIndio Hatuey\u201d a marcat o premier\u0103 istoric\u0103 pentru Cuba, \u00eenregistr\u00e2nd mar\u021bi o temperatur\u0103 de 0 grade Celsius, ating\u00e2nd astfel pentru prima dat\u0103 punctul de \u00eenghe\u021b pe insul\u0103. Aceast\u0103 valoare reprezint\u0103 un nou record na\u021bional de temperatur\u0103 minim\u0103, conform unui anun\u021b f\u0103cut de Institutul de Meteorologie din Cuba pe pagina sa de Facebook. Anterior, [&hellip;]<\/p>\n","protected":false},"author":5,"featured_media":2677,"comment_status":"open","ping_status":"open","sticky":false,"template":"","format":"standard","meta":{"jnews-multi-image_gallery":[],"jnews_single_post":[],"jnews_primary_category":[],"jnews_override_counter":[],"footnotes":""},"categories":[45],"tags":[2788,1734,3163,2785,2790,2787,3725,2784],"class_list":["post-2676","post","type-post","status-publish","format-standard","has-post-thumbnail","hentry","category-meteo","tag-climat-tropical","tag-cuba","tag-indio-hatuey","tag-inghet","tag-matanzas","tag-record-national","tag-statie-meteorologica","tag-temperatura-minima"],"_links":{"self":[{"href":"https:\/\/www.newsrecorder.ro\/app\/wp-json\/wp\/v2\/posts\/2676","targetHints":{"allow":["GET"]}}],"collection":[{"href":"https:\/\/www.newsrecorder.ro\/app\/wp-json\/wp\/v2\/posts"}],"about":[{"href":"https:\/\/www.newsrecorder.ro\/app\/wp-json\/wp\/v2\/types\/post"}],"author":[{"embeddable":true,"href":"https:\/\/www.newsrecorder.ro\/app\/wp-json\/wp\/v2\/users\/5"}],"replies":[{"embeddable":true,"href":"https:\/\/www.newsrecorder.ro\/app\/wp-json\/wp\/v2\/comments?post=2676"}],"version-history":[{"count":0,"href":"https:\/\/www.newsrecorder.ro\/app\/wp-json\/wp\/v2\/posts\/2676\/revisions"}],"wp:featuredmedia":[{"embeddable":true,"href":"https:\/\/www.newsrecorder.ro\/app\/wp-json\/wp\/v2\/media\/2677"}],"wp:attachment":[{"href":"https:\/\/www.newsrecorder.ro\/app\/wp-json\/wp\/v2\/media?parent=2676"}],"wp:term":[{"taxonomy":"category","embeddable":true,"href":"https:\/\/www.newsrecorder.ro\/app\/wp-json\/wp\/v2\/categories?post=2676"},{"taxonomy":"post_tag","embeddable":true,"href":"https:\/\/www.newsrecorder.ro\/app\/wp-json\/wp\/v2\/tags?post=2676"}],"curies":[{"name":"wp","href":"https:\/\/api.w.org\/{rel}","templated":true}]}}