{"id":2706,"date":"2026-02-12T21:19:03","date_gmt":"2026-02-12T21:19:03","guid":{"rendered":"https:\/\/www.newsrecorder.ro\/app\/2026\/02\/12\/tragedie-in-lumea-filmului-james-van-der-beek-a-murit-la-48-de-ani\/"},"modified":"2026-02-12T21:19:03","modified_gmt":"2026-02-12T21:19:03","slug":"tragedie-in-lumea-filmului-james-van-der-beek-a-murit-la-48-de-ani","status":"publish","type":"post","link":"https:\/\/www.newsrecorder.ro\/app\/2026\/02\/12\/tragedie-in-lumea-filmului-james-van-der-beek-a-murit-la-48-de-ani\/","title":{"rendered":"Tragedie \u00een lumea filmului: James Van Der Beek a murit la 48 de ani!"},"content":{"rendered":"<p>Actorul James Van Der Beek a pierdut lupta cu cancerul colorectal \u00een stadiul 3, diagnosticat \u00een vara anului 2023, conform <a href=\"https:\/\/www.independent.co.uk\/arts-entertainment\/tv\/news\/james-van-der-beek-dawsons-creek-dead-b2714688.html\" target=\"_blank\" rel=\"noopener\">Independent<\/a>. Boala l-a afectat profund, iar so\u021bia sa, Kimberly Van Der Beek, a anun\u021bat c\u0103 actorul a murit \u00een lini\u0219te, \u00eenconjurat de iubire \u0219i demnitate.<\/p>\n<p>\u201eSo\u021bul, tat\u0103l \u0219i prietenul nostru iubit a plecat dintre noi cu curaj, credin\u021b\u0103 \u0219i gra\u021bie\u201d, a scris aceasta, solicit\u00e2nd respectarea intimit\u0103\u021bii familiei \u00een aceste clipe dificile.<\/p>\n<p>Publicul a aflat despre diagnosticul s\u0103u \u00een noiembrie 2024, c\u00e2nd Van Der Beek a \u00eemp\u0103rt\u0103\u0219it c\u0103 ini\u021bial a ignorat simptomele, crez\u00e2nd c\u0103 sunt cauzate de consumul de cafein\u0103. Aceast\u0103 revela\u021bie a marcat o schimbare radical\u0103 \u00een via\u021ba sa \u0219i \u00een percep\u021bia sa asupra identit\u0103\u021bii.<\/p>\n<p>James Van Der Beek s-a n\u0103scut pe 8 martie 1977, \u00een Cheshire, Connecticut, av\u00e2nd la \u00eenceput visuri legate de sport. O accidentare suferit\u0103 \u00een adolescen\u021b\u0103 l-a determinat s\u0103 se \u00eendrepte spre lumea teatrului. La doar 15 ani, a reu\u0219it s\u0103-\u0219i conving\u0103 mama s\u0103-l duc\u0103 la New York pentru a-\u0219i c\u0103uta un agent, iar succesul nu a \u00eent\u00e2rziat s\u0103 apar\u0103.<\/p>\n<p>\u00cen 1997, a ob\u021binut rolul principal \u00een Dawson\u2019s Creek, un serial care a devenit un adev\u0103rat fenomen cultural, derul\u00e2ndu-se timp de \u0219ase sezoane \u00eentre 1998 \u0219i 2003. Astfel, Van Der Beek a devenit un simbol al adolescen\u021bei anilor \u201990, \u00eempreun\u0103 cu colegii s\u0103i de platou, Katie Holmes, Joshua Jackson \u0219i Michelle Williams.<\/p>\n<p>Dup\u0103 succesul din Dawson\u2019s Creek, Van Der Beek a continuat s\u0103 aib\u0103 o carier\u0103 divers\u0103 \u00een televiziune \u0219i film, ap\u0103r\u00e2nd \u00een produc\u021bii precum Varsity Blues, The Rules of Attraction, CSI: Cyber \u0219i Law &amp; Order. De asemenea, a avut roluri autoironice, inclusiv o versiune fic\u021bionalizat\u0103 a sa \u00een Don\u2019t Trust the B\u2014- in Apartment 23.<\/p>\n<p>De-a lungul carierei sale, actorul a recunoscut c\u0103 a refuzat roluri importante \u00een filme care au propulsat alte cariere celebre, dar a afirmat c\u0103 este \u00eemp\u0103cat cu alegerile sale. Van Der Beek a l\u0103sat \u00een urm\u0103 o familie unit\u0103, cu \u0219ase copii. \u00cen ultimii ani, a vorbit deschis despre pierderi, credin\u021b\u0103 \u0219i sensul vie\u021bii. \u00centr-un mesaj publicat \u00een martie 2025, actorul a men\u021bionat c\u0103 boala l-a adus \u201efa\u021b\u0103 \u00een fa\u021b\u0103 cu moartea\u201d, dar i-a oferit \u0219i o nou\u0103 defini\u021bie a valorii de sine.<\/p>\n<p>Moartea sa a generat un val de reac\u021bii din partea fanilor \u0219i colegilor de breasl\u0103, subliniind impactul pe care l-a avut asupra vie\u021bilor multora.<\/p>\n","protected":false},"excerpt":{"rendered":"<p>Actorul James Van Der Beek a pierdut lupta cu cancerul colorectal \u00een stadiul 3, diagnosticat \u00een vara anului 2023, conform Independent. Boala l-a afectat profund, iar so\u021bia sa, Kimberly Van Der Beek, a anun\u021bat c\u0103 actorul a murit \u00een lini\u0219te, \u00eenconjurat de iubire \u0219i demnitate. \u201eSo\u021bul, tat\u0103l \u0219i prietenul nostru iubit a plecat dintre noi [&hellip;]<\/p>\n","protected":false},"author":7,"featured_media":2707,"comment_status":"open","ping_status":"open","sticky":false,"template":"","format":"standard","meta":{"jnews-multi-image_gallery":[],"jnews_single_post":[],"jnews_primary_category":[],"jnews_override_counter":[],"footnotes":""},"categories":[43],"tags":[4385,4597,2584,1410,4384,3242,4598,4599],"class_list":["post-2706","post","type-post","status-publish","format-standard","has-post-thumbnail","hentry","category-cultura","tag-cancer-colorectal","tag-diagnostic","tag-identitate","tag-intimitate","tag-james-van-der-beek","tag-simptome","tag-sotie","tag-viata"],"_links":{"self":[{"href":"https:\/\/www.newsrecorder.ro\/app\/wp-json\/wp\/v2\/posts\/2706","targetHints":{"allow":["GET"]}}],"collection":[{"href":"https:\/\/www.newsrecorder.ro\/app\/wp-json\/wp\/v2\/posts"}],"about":[{"href":"https:\/\/www.newsrecorder.ro\/app\/wp-json\/wp\/v2\/types\/post"}],"author":[{"embeddable":true,"href":"https:\/\/www.newsrecorder.ro\/app\/wp-json\/wp\/v2\/users\/7"}],"replies":[{"embeddable":true,"href":"https:\/\/www.newsrecorder.ro\/app\/wp-json\/wp\/v2\/comments?post=2706"}],"version-history":[{"count":0,"href":"https:\/\/www.newsrecorder.ro\/app\/wp-json\/wp\/v2\/posts\/2706\/revisions"}],"wp:featuredmedia":[{"embeddable":true,"href":"https:\/\/www.newsrecorder.ro\/app\/wp-json\/wp\/v2\/media\/2707"}],"wp:attachment":[{"href":"https:\/\/www.newsrecorder.ro\/app\/wp-json\/wp\/v2\/media?parent=2706"}],"wp:term":[{"taxonomy":"category","embeddable":true,"href":"https:\/\/www.newsrecorder.ro\/app\/wp-json\/wp\/v2\/categories?post=2706"},{"taxonomy":"post_tag","embeddable":true,"href":"https:\/\/www.newsrecorder.ro\/app\/wp-json\/wp\/v2\/tags?post=2706"}],"curies":[{"name":"wp","href":"https:\/\/api.w.org\/{rel}","templated":true}]}}