{"id":2708,"date":"2026-02-12T21:19:21","date_gmt":"2026-02-12T21:19:21","guid":{"rendered":"https:\/\/www.newsrecorder.ro\/app\/2026\/02\/12\/ministrul-culturii-cedeaza-renunta-la-controalele-din-teatre\/"},"modified":"2026-02-12T21:19:21","modified_gmt":"2026-02-12T21:19:21","slug":"ministrul-culturii-cedeaza-renunta-la-controalele-din-teatre","status":"publish","type":"post","link":"https:\/\/www.newsrecorder.ro\/app\/2026\/02\/12\/ministrul-culturii-cedeaza-renunta-la-controalele-din-teatre\/","title":{"rendered":"Ministrul Culturii cedeaz\u0103: Renun\u021b\u0103 la controalele din teatre!"},"content":{"rendered":"<p>Ministrul Culturii, Andr\u00e1s Demeter, a f\u0103cut un anun\u021b important miercuri, dezv\u0103luind c\u0103 a emis o circular\u0103 prin care se retrag Instruc\u021biunile referitoare la organizarea unitar\u0103 \u0219i eviden\u021ba timpului de munc\u0103 pentru personalul de execu\u021bie din institu\u021biile publice de spectacole \u0219i concerte. Aceast\u0103 decizie marcheaz\u0103 \u00eencetarea aplicabilit\u0103\u021bii m\u0103surilor ini\u021biale propuse.<\/p>\n<p>\u00centr-o postare pe Facebook, Ministerul Culturii a explicat: \u201ePrin emiterea circularei cu num\u0103rul 965\/11.02.2026, am dispus \u00eencetarea aplicabilit\u0103\u021bii m\u0103surilor propuse, precum \u0219i suspendarea oric\u0103rui demers administrativ ini\u021biat pe baza acestora.\u201d<\/p>\n<p>Decizia ministrului a fost luat\u0103 dup\u0103 consult\u0103ri cu reprezentan\u021bi ai sectorului cultural \u0219i \u00een urma reac\u021biilor exprimate la nivel na\u021bional. Aceasta sugereaz\u0103 o revizuire a proiectului ini\u021bial, av\u00e2nd \u00een vedere nevoile actuale ale comunit\u0103\u021bii artistice.<\/p>\n<p>\u201eAceast\u0103 hot\u0103r\u00e2re reflect\u0103 dorin\u021ba de a reconfigura procesul \u00eentr-o manier\u0103 incluziv\u0103 \u0219i flexibil\u0103. Proiectul va fi revizuit, grupul de lucru va fi extins, iar colaborarea cu profesioni\u0219tii din sector r\u0103m\u00e2ne esen\u021bial\u0103 pentru identificarea unei solu\u021bii optime. Scopul nostru final este s\u0103 r\u0103spundem at\u00e2t cerin\u021belor administrative, c\u00e2t \u0219i realit\u0103\u021bilor cotidiene \u0219i specificului muncii artistice,\u201d a declarat ministrul Andr\u00e1s Demeter.<\/p>\n<p>\u00centr-un context apropiat, actorii de la Teatrul Na\u021bional \u201eI.L. Caragiale\u201d din Bucure\u0219ti au organizat mar\u021bi un protest \u00eempotriva aplic\u0103rii proiectului-pilot privind organizarea unitar\u0103 \u0219i eviden\u021ba timpului de munc\u0103, transmis de Ministerul Culturii. Ace\u0219tia s-au adunat \u00een fa\u021ba institu\u021biei pentru a-\u0219i exprima nemul\u021bumirea.<\/p>\n<p>Protestul a fost sus\u021binut nu doar de actori, ci \u0219i de angaja\u021bii din departamentele tehnic \u0219i produc\u021bie ale TNB. Criticile lor s-au \u00eendreptat c\u0103tre faptul c\u0103 proiectul-pilot ar transforma munca de crea\u021bie, care este \u00een mod tradi\u021bional nenormat\u0103 \u00een domeniul artistic, \u00eentr-o activitate de birou. De asemenea, actorii au subliniat c\u0103 anexele propuse \u00eei oblig\u0103 s\u0103 raporteze zilnic, \u00een scris, activitatea detaliat\u0103 desf\u0103\u0219urat\u0103 \u00een timpul orelor de lucru, ceea ce consider\u0103 a fi o constr\u00e2ngere nejustificat\u0103. <\/p>\n","protected":false},"excerpt":{"rendered":"<p>Ministrul Culturii, Andr\u00e1s Demeter, a f\u0103cut un anun\u021b important miercuri, dezv\u0103luind c\u0103 a emis o circular\u0103 prin care se retrag Instruc\u021biunile referitoare la organizarea unitar\u0103 \u0219i eviden\u021ba timpului de munc\u0103 pentru personalul de execu\u021bie din institu\u021biile publice de spectacole \u0219i concerte. Aceast\u0103 decizie marcheaz\u0103 \u00eencetarea aplicabilit\u0103\u021bii m\u0103surilor ini\u021biale propuse. \u00centr-o postare pe Facebook, Ministerul Culturii [&hellip;]<\/p>\n","protected":false},"author":7,"featured_media":2709,"comment_status":"open","ping_status":"open","sticky":false,"template":"","format":"standard","meta":{"jnews-multi-image_gallery":[],"jnews_single_post":[],"jnews_primary_category":[],"jnews_override_counter":[],"footnotes":""},"categories":[43],"tags":[343,3961,3063,4252,4600,2835,4250,4254],"class_list":["post-2708","post","type-post","status-publish","format-standard","has-post-thumbnail","hentry","category-cultura","tag-andras-demeter","tag-circulara","tag-comunitate-artistica","tag-institutii-publice","tag-masuri-initiale","tag-ministerul-culturii","tag-organizarea-unitara","tag-sector-cultural"],"_links":{"self":[{"href":"https:\/\/www.newsrecorder.ro\/app\/wp-json\/wp\/v2\/posts\/2708","targetHints":{"allow":["GET"]}}],"collection":[{"href":"https:\/\/www.newsrecorder.ro\/app\/wp-json\/wp\/v2\/posts"}],"about":[{"href":"https:\/\/www.newsrecorder.ro\/app\/wp-json\/wp\/v2\/types\/post"}],"author":[{"embeddable":true,"href":"https:\/\/www.newsrecorder.ro\/app\/wp-json\/wp\/v2\/users\/7"}],"replies":[{"embeddable":true,"href":"https:\/\/www.newsrecorder.ro\/app\/wp-json\/wp\/v2\/comments?post=2708"}],"version-history":[{"count":0,"href":"https:\/\/www.newsrecorder.ro\/app\/wp-json\/wp\/v2\/posts\/2708\/revisions"}],"wp:featuredmedia":[{"embeddable":true,"href":"https:\/\/www.newsrecorder.ro\/app\/wp-json\/wp\/v2\/media\/2709"}],"wp:attachment":[{"href":"https:\/\/www.newsrecorder.ro\/app\/wp-json\/wp\/v2\/media?parent=2708"}],"wp:term":[{"taxonomy":"category","embeddable":true,"href":"https:\/\/www.newsrecorder.ro\/app\/wp-json\/wp\/v2\/categories?post=2708"},{"taxonomy":"post_tag","embeddable":true,"href":"https:\/\/www.newsrecorder.ro\/app\/wp-json\/wp\/v2\/tags?post=2708"}],"curies":[{"name":"wp","href":"https:\/\/api.w.org\/{rel}","templated":true}]}}