{"id":2720,"date":"2026-02-12T21:21:31","date_gmt":"2026-02-12T21:21:31","guid":{"rendered":"https:\/\/www.newsrecorder.ro\/app\/2026\/02\/12\/nicusor-dan-radiografia-sistemului-energetic-ramane-o-preocupare-majora\/"},"modified":"2026-02-12T21:21:31","modified_gmt":"2026-02-12T21:21:31","slug":"nicusor-dan-radiografia-sistemului-energetic-ramane-o-preocupare-majora","status":"publish","type":"post","link":"https:\/\/www.newsrecorder.ro\/app\/2026\/02\/12\/nicusor-dan-radiografia-sistemului-energetic-ramane-o-preocupare-majora\/","title":{"rendered":"Nicu\u0219or Dan: Radiografia sistemului energetic r\u0103m\u00e2ne o preocupare major\u0103!"},"content":{"rendered":"<p>Pre\u0219edintele Nicu\u0219or Dan a fost \u00eentrebat \u00een cadrul unei conferin\u021be de pres\u0103, joi, dup\u0103 reuniunea informal\u0103 a Consiliului European, despre programarea primei \u0219edin\u021be CSAT din acest an \u0219i despre posibilitatea ca problema pre\u021burilor la energia electric\u0103 s\u0103 fie abordat\u0103 \u00een cadrul discu\u021biilor.<\/p>\n<p>\u0218eful statului a eviden\u021biat c\u0103 ministrul Energiei a propus un document de lucru care analizeaz\u0103 situa\u021bia pre\u021burilor la energie electric\u0103 \u0219i ofer\u0103 o evaluare a sistemului energetic. Din p\u0103cate, din motive tehnice, acest subiect nu a fost inclus \u00een agenda discu\u021biilor CSAT.<\/p>\n<p>\u201eDomnul ministru a avansat un document de lucru. Din motive tehnice, el nu a fost discutat \u00een cadrul CSAT-ului, dar membrii Consiliului sunt informa\u021bi cu privire la aceast\u0103 tem\u0103\u201d, a declarat Nicu\u0219or Dan.<\/p>\n<p>El a subliniat c\u0103 problema energiei electrice r\u0103m\u00e2ne o preocupare de prim-plan pentru CSAT, \u00een special \u00een contextul costurilor ridicate pe care le suport\u0103 popula\u021bia \u0219i necesitatea dezvolt\u0103rii capacit\u0103\u021bilor interne de produc\u021bie. \u201eSuntem \u00eentr-o evolu\u021bie. Sper\u0103m ca \u00een cursul acestui an s\u0103 avem Tarni\u021ba pus\u0103 \u00een func\u021biune. De asemenea, avem discu\u021bii despre stadiul proiectelor Cernavod\u0103 3 \u0219i 4 \u0219i despre progresul de la Doice\u0219ti\u201d, a ad\u0103ugat acesta.<\/p>\n<p>C\u00e2nd a fost \u00eentrebat dac\u0103 subiectul produc\u021biei interne de energie va fi inclus pe agenda CSAT, Nicu\u0219or Dan a recunoscut c\u0103 este o tem\u0103 de interes, f\u0103r\u0103 a confirma \u00eens\u0103 explicit prezen\u021ba acesteia pe ordinea de zi a viitoarelor \u0219edin\u021be.<\/p>\n","protected":false},"excerpt":{"rendered":"<p>Pre\u0219edintele Nicu\u0219or Dan a fost \u00eentrebat \u00een cadrul unei conferin\u021be de pres\u0103, joi, dup\u0103 reuniunea informal\u0103 a Consiliului European, despre programarea primei \u0219edin\u021be CSAT din acest an \u0219i despre posibilitatea ca problema pre\u021burilor la energia electric\u0103 s\u0103 fie abordat\u0103 \u00een cadrul discu\u021biilor. \u0218eful statului a eviden\u021biat c\u0103 ministrul Energiei a propus un document de lucru [&hellip;]<\/p>\n","protected":false},"author":2,"featured_media":2721,"comment_status":"open","ping_status":"open","sticky":false,"template":"","format":"standard","meta":{"jnews-multi-image_gallery":[],"jnews_single_post":[],"jnews_primary_category":[],"jnews_override_counter":[],"footnotes":""},"categories":[42],"tags":[291,4170,530,3529,286,535,4606,4605],"class_list":["post-2720","post","type-post","status-publish","format-standard","has-post-thumbnail","hentry","category-politica","tag-consiliul-european","tag-csat","tag-energie-electrica","tag-evaluare","tag-nicusor-dan","tag-preturi","tag-probleme-energetice","tag-sistem-energetic"],"_links":{"self":[{"href":"https:\/\/www.newsrecorder.ro\/app\/wp-json\/wp\/v2\/posts\/2720","targetHints":{"allow":["GET"]}}],"collection":[{"href":"https:\/\/www.newsrecorder.ro\/app\/wp-json\/wp\/v2\/posts"}],"about":[{"href":"https:\/\/www.newsrecorder.ro\/app\/wp-json\/wp\/v2\/types\/post"}],"author":[{"embeddable":true,"href":"https:\/\/www.newsrecorder.ro\/app\/wp-json\/wp\/v2\/users\/2"}],"replies":[{"embeddable":true,"href":"https:\/\/www.newsrecorder.ro\/app\/wp-json\/wp\/v2\/comments?post=2720"}],"version-history":[{"count":0,"href":"https:\/\/www.newsrecorder.ro\/app\/wp-json\/wp\/v2\/posts\/2720\/revisions"}],"wp:featuredmedia":[{"embeddable":true,"href":"https:\/\/www.newsrecorder.ro\/app\/wp-json\/wp\/v2\/media\/2721"}],"wp:attachment":[{"href":"https:\/\/www.newsrecorder.ro\/app\/wp-json\/wp\/v2\/media?parent=2720"}],"wp:term":[{"taxonomy":"category","embeddable":true,"href":"https:\/\/www.newsrecorder.ro\/app\/wp-json\/wp\/v2\/categories?post=2720"},{"taxonomy":"post_tag","embeddable":true,"href":"https:\/\/www.newsrecorder.ro\/app\/wp-json\/wp\/v2\/tags?post=2720"}],"curies":[{"name":"wp","href":"https:\/\/api.w.org\/{rel}","templated":true}]}}