{"id":2728,"date":"2026-02-12T21:22:44","date_gmt":"2026-02-12T21:22:44","guid":{"rendered":"https:\/\/www.newsrecorder.ro\/app\/2026\/02\/12\/tanczos-barna-bolojan-are-sanse-mari-sa-ramana-pana-in-2027\/"},"modified":"2026-02-12T21:22:44","modified_gmt":"2026-02-12T21:22:44","slug":"tanczos-barna-bolojan-are-sanse-mari-sa-ramana-pana-in-2027","status":"publish","type":"post","link":"https:\/\/www.newsrecorder.ro\/app\/2026\/02\/12\/tanczos-barna-bolojan-are-sanse-mari-sa-ramana-pana-in-2027\/","title":{"rendered":"Tanczos Barna: Bolojan are \u0219anse mari s\u0103 r\u0103m\u00e2n\u0103 p\u00e2n\u0103 \u00een 2027!"},"content":{"rendered":"<p>\u00centr-un interviu acordat joi seara la EuropaFM, T\u00e1nczos Barna, vicepremierul UDMR, a fost \u00eentrebat despre posibilitatea ca Partidul Na\u021bional Liberal s\u0103 renun\u021be la Ilie Bolojan \u0219i s\u0103 propun\u0103 un alt prim-ministru. Acesta a subliniat c\u0103 astfel de decizii sunt prerogativa partidului, \u00eens\u0103 a avertizat asupra riscurilor asociate unei noi perioade de instabilitate politic\u0103.<\/p>\n<p>\u201eNu este momentul pentru dispute politice sau incertitudini. O astfel de situa\u021bie ar \u00eensemna re\u00eentoarcerea \u00een Parlament, renegocierea coali\u021biei sau organizarea unor voturi. Acestea nu sunt a\u0219tept\u0103rile cet\u0103\u021benilor, ale antreprenorilor sau ale investitorilor\u201d, a declarat T\u00e1nczos Barna.<\/p>\n<p>Vicepremierul a accentuat c\u0103 Rom\u00e2nia se afl\u0103 \u00eentr-o perioad\u0103 economic\u0103 dificil\u0103, marcat\u0103 de o infla\u021bie ridicat\u0103, \u0219i a subliniat responsabilitatea partidelor politice \u00een acest context. \u201eCet\u0103\u021benii sunt cei care pl\u0103tesc pre\u021bul acestor decizii\u201d, a ad\u0103ugat el.<\/p>\n<p>\u201eMomentan, nu ne mai putem baza pe cre\u0219teri economice de 3% sau 4%. Prognozele indic\u0103 o cre\u0219tere de doar 1% pentru anul 2025. Infla\u021bia este foarte mare \u0219i, din p\u0103cate, s-au suprapus multe probleme, \u00eencep\u00e2nd cu luna august a anului trecut. Trebuie s\u0103 g\u0103sim solu\u021bii, s\u0103 ne a\u0219ez\u0103m la mas\u0103, s\u0103 lu\u0103m decizii \u0219i s\u0103 implement\u0103m mai pu\u021bine declara\u021bii\u201d, a continuat vicepremierul.<\/p>\n<p>Referindu-se la Ilie Bolojan, T\u00e1nczos Barna a eviden\u021biat c\u0103 acesta a fost singurul care a acceptat s\u0103 devin\u0103 prim-ministru \u00eentr-un moment dificil, c\u00e2nd nimeni altcineva nu a dorit s\u0103 \u00ee\u0219i asume aceast\u0103 responsabilitate. \u201eEl \u0219i-a asumat acest mandat \u00een iulie trecut, \u0219tiind c\u0103 vor urma decizii nepopulare. Bolojan are sus\u021binerea coali\u021biei \u0219i continu\u0103m s\u0103 lucr\u0103m \u00eempreun\u0103\u201d, a explicat vicepremierul.<\/p>\n<p>\u00cen ceea ce prive\u0219te stilul de lucru al premierului, T\u00e1nczos Barna a remarcat c\u0103, de\u0219i lucreaz\u0103 zilnic cu Bolojan, acesta este \u201emai pu\u021bin flexibil dec\u00e2t al\u021bii\u201d. \u201e\u00cencerc s\u0103-l conving atunci c\u00e2nd cred c\u0103 am dreptate. Uneori reu\u0219esc, alteori nu, dar este bine cunoscut faptul c\u0103 nu este u\u0219or de convins\u201d, a ad\u0103ugat el.<\/p>\n<p>\u00centrebat dac\u0103 Bolojan va r\u0103m\u00e2ne \u00een func\u021bie p\u00e2n\u0103 la rotativa guvernamental\u0103 din aprilie 2027, vicepremierul a declarat c\u0103 \u201eare toate \u0219ansele\u201d, dar c\u0103 depinde \u00een mare m\u0103sur\u0103 de PNL. \u201eSingura forma\u021biune politic\u0103 care poate face aceast\u0103 schimbare este PNL. Sper s\u0103 reziste \u0219i s\u0103 avem parte de mai mult\u0103 stabilitate \u0219i mai pu\u021bine dispute politice\u201d, a concluzionat T\u00e1nczos Barna.<\/p>\n","protected":false},"excerpt":{"rendered":"<p>\u00centr-un interviu acordat joi seara la EuropaFM, T\u00e1nczos Barna, vicepremierul UDMR, a fost \u00eentrebat despre posibilitatea ca Partidul Na\u021bional Liberal s\u0103 renun\u021be la Ilie Bolojan \u0219i s\u0103 propun\u0103 un alt prim-ministru. Acesta a subliniat c\u0103 astfel de decizii sunt prerogativa partidului, \u00eens\u0103 a avertizat asupra riscurilor asociate unei noi perioade de instabilitate politic\u0103. \u201eNu este [&hellip;]<\/p>\n","protected":false},"author":2,"featured_media":2729,"comment_status":"open","ping_status":"open","sticky":false,"template":"","format":"standard","meta":{"jnews-multi-image_gallery":[],"jnews_single_post":[],"jnews_primary_category":[],"jnews_override_counter":[],"footnotes":""},"categories":[42],"tags":[488,636,778,3956,1333,319,4613,379],"class_list":["post-2728","post","type-post","status-publish","format-standard","has-post-thumbnail","hentry","category-politica","tag-antreprenori","tag-coalitie","tag-inflatie","tag-instabilitate-politica","tag-partidul-national-liberal","tag-responsabilitate","tag-tanczos-barna","tag-udmr"],"_links":{"self":[{"href":"https:\/\/www.newsrecorder.ro\/app\/wp-json\/wp\/v2\/posts\/2728","targetHints":{"allow":["GET"]}}],"collection":[{"href":"https:\/\/www.newsrecorder.ro\/app\/wp-json\/wp\/v2\/posts"}],"about":[{"href":"https:\/\/www.newsrecorder.ro\/app\/wp-json\/wp\/v2\/types\/post"}],"author":[{"embeddable":true,"href":"https:\/\/www.newsrecorder.ro\/app\/wp-json\/wp\/v2\/users\/2"}],"replies":[{"embeddable":true,"href":"https:\/\/www.newsrecorder.ro\/app\/wp-json\/wp\/v2\/comments?post=2728"}],"version-history":[{"count":0,"href":"https:\/\/www.newsrecorder.ro\/app\/wp-json\/wp\/v2\/posts\/2728\/revisions"}],"wp:featuredmedia":[{"embeddable":true,"href":"https:\/\/www.newsrecorder.ro\/app\/wp-json\/wp\/v2\/media\/2729"}],"wp:attachment":[{"href":"https:\/\/www.newsrecorder.ro\/app\/wp-json\/wp\/v2\/media?parent=2728"}],"wp:term":[{"taxonomy":"category","embeddable":true,"href":"https:\/\/www.newsrecorder.ro\/app\/wp-json\/wp\/v2\/categories?post=2728"},{"taxonomy":"post_tag","embeddable":true,"href":"https:\/\/www.newsrecorder.ro\/app\/wp-json\/wp\/v2\/tags?post=2728"}],"curies":[{"name":"wp","href":"https:\/\/api.w.org\/{rel}","templated":true}]}}