{"id":273,"date":"2026-01-23T07:37:25","date_gmt":"2026-01-23T07:37:25","guid":{"rendered":"https:\/\/www.newsrecorder.ro\/app\/2026\/01\/23\/sindicalistii-acuza-premierul-se-bucura-de-degradarea-functiei-publice\/"},"modified":"2026-01-23T07:37:25","modified_gmt":"2026-01-23T07:37:25","slug":"sindicalistii-acuza-premierul-se-bucura-de-degradarea-functiei-publice","status":"publish","type":"post","link":"https:\/\/www.newsrecorder.ro\/app\/2026\/01\/23\/sindicalistii-acuza-premierul-se-bucura-de-degradarea-functiei-publice\/","title":{"rendered":"Sindicali\u0219tii acuz\u0103: Premierul se bucur\u0103 de degradarea func\u021biei publice!"},"content":{"rendered":"<p>Sindicali\u0219tii atrag aten\u021bia asupra unui proiect de lege care, sub umbrela unor m\u0103suri temporare valabile \u201ep\u00e2n\u0103 la 31.12.2026\u201d, ar putea modifica semnificativ regulile de munc\u0103 \u0219i carier\u0103 pentru personalul pl\u0103tit din fonduri publice. Acest proiect, care se afl\u0103 \u00een etapa de \u201eprim\u0103 lectur\u0103\u201d \u00een cadrul \u0219edin\u021bei de Guvern de joi, este considerat de sindicate o re\u00eempachetare discret\u0103 a legisla\u021biei existente, cu scopul de a introduce modific\u0103ri cu impact durabil asupra Codului administrativ.<\/p>\n<p>Conform sindicali\u0219tilor, eticheta de \u201eprovizorat\u201d este folosit\u0103 ca un paravan pentru schimb\u0103ri care nu sunt temporare. Proiectul propune modific\u0103ri substan\u021biale \u00een legisla\u021bia care reglementeaz\u0103 raporturile de munc\u0103 \u0219i cariera func\u021bionarilor publici, f\u0103r\u0103 a stabili un termen limit\u0103. \u201eAceste modific\u0103ri de drept comun afecteaz\u0103 grav stabilitatea angaja\u021bilor din sectorul public\u201d, se men\u021bioneaz\u0103 \u00een declara\u021biile sindicatului.<\/p>\n<p>Mai mult, proiectul introduce excep\u021bii specifice pentru diferite categorii profesionale, ceea ce duce la o distribuire inegal\u0103 a protec\u021biilor \u0219i constr\u00e2ngerilor \u00een func\u021bie de pozi\u021bia ierarhic\u0103. Aceasta genereaz\u0103 o administra\u021bie discriminatorie, care ofer\u0103 tratamente diferite pentru situa\u021bii asem\u0103n\u0103toare, consolid\u00e2nd privilegiile pentru cei din v\u00e2rful ierarhiei. \u00cen acela\u0219i timp, personalul din administra\u021bia public\u0103 central\u0103 se confrunt\u0103 cu incertitudine \u0219i vulnerabilitate, conform comunicatului sindicatului.<\/p>\n<p>Sindicali\u0219tii subliniaz\u0103 c\u0103, \u00eentr-un stat de drept, principiul egalit\u0103\u021bii nu este doar un concept teoretic, ci un fundament constitu\u021bional. \u201eOrice diferen\u021b\u0103 de tratament trebuie justificat\u0103 obiectiv, propor\u021bional \u0219i transparent. Aplicarea unui tratament diferen\u021biat pentru anumite categorii profesionale, care implic\u0103 stigmatizarea altora ca fiind o \u201eproblem\u0103 bugetar\u0103\u201d, contravine O.G. nr. 137\/2000 privind prevenirea \u0219i sanc\u021bionarea tuturor formelor de discriminare, gener\u00e2nd marginalizare \u0219i segregare \u00een oportunit\u0103\u021bi\u201d, se precizeaz\u0103 \u00een comunicat.<\/p>\n<p>\u201eAtunci c\u00e2nd se modific\u0103 regulile de carier\u0103, mobilitate, stabilitate \u0219i continuitate \u00een munc\u0103, afirma\u021bia \u201enu e cazul\u201d nu mai este o simpl\u0103 sc\u0103pare birocratic\u0103, ci reflect\u0103 un dispre\u021b profund fa\u021b\u0103 de angaja\u021bii din administra\u021bia public\u0103\u201d, afirm\u0103 Sindicatul Angaja\u021bilor din Aparatul de Lucru al Guvernului.<\/p>\n<p>\u00cen \u00eencheiere, reprezentan\u021bii sindicatului avertizeaz\u0103 c\u0103 atunci c\u00e2nd statul \u00ee\u0219i \u00een\u0219al\u0103 propriul personal cu \u201eprovizorat\u201d perpetuu \u0219i creeaz\u0103 o ierarhie \u00een administra\u021bie, discu\u021bia despre eficien\u021b\u0103 devine irelevant\u0103. Aceasta reprezint\u0103 o degradare deliberat\u0103 a func\u021biei publice, un aspect care, din p\u0103cate, pare s\u0103 serveasc\u0103 intereselor premierului Ilie-Gavril Bolojan, conform celor afirmate \u00een comunicat.<\/p>\n","protected":false},"excerpt":{"rendered":"<p>Sindicali\u0219tii atrag aten\u021bia asupra unui proiect de lege care, sub umbrela unor m\u0103suri temporare valabile \u201ep\u00e2n\u0103 la 31.12.2026\u201d, ar putea modifica semnificativ regulile de munc\u0103 \u0219i carier\u0103 pentru personalul pl\u0103tit din fonduri publice. Acest proiect, care se afl\u0103 \u00een etapa de \u201eprim\u0103 lectur\u0103\u201d \u00een cadrul \u0219edin\u021bei de Guvern de joi, este considerat de sindicate o [&hellip;]<\/p>\n","protected":false},"author":2,"featured_media":274,"comment_status":"open","ping_status":"open","sticky":false,"template":"","format":"standard","meta":{"jnews-multi-image_gallery":[],"jnews_single_post":[],"jnews_primary_category":[],"jnews_override_counter":[],"footnotes":""},"categories":[39],"tags":[97,545,544,541,543,540,542,539],"class_list":["post-273","post","type-post","status-publish","format-standard","has-post-thumbnail","hentry","category-stirile-zilei","tag-cariera","tag-cod-administrativ","tag-fonduri-publice","tag-masuri-temporare","tag-personal-platit","tag-proiect-de-lege","tag-reguli-de-munca","tag-sindicalisti"],"_links":{"self":[{"href":"https:\/\/www.newsrecorder.ro\/app\/wp-json\/wp\/v2\/posts\/273","targetHints":{"allow":["GET"]}}],"collection":[{"href":"https:\/\/www.newsrecorder.ro\/app\/wp-json\/wp\/v2\/posts"}],"about":[{"href":"https:\/\/www.newsrecorder.ro\/app\/wp-json\/wp\/v2\/types\/post"}],"author":[{"embeddable":true,"href":"https:\/\/www.newsrecorder.ro\/app\/wp-json\/wp\/v2\/users\/2"}],"replies":[{"embeddable":true,"href":"https:\/\/www.newsrecorder.ro\/app\/wp-json\/wp\/v2\/comments?post=273"}],"version-history":[{"count":0,"href":"https:\/\/www.newsrecorder.ro\/app\/wp-json\/wp\/v2\/posts\/273\/revisions"}],"wp:featuredmedia":[{"embeddable":true,"href":"https:\/\/www.newsrecorder.ro\/app\/wp-json\/wp\/v2\/media\/274"}],"wp:attachment":[{"href":"https:\/\/www.newsrecorder.ro\/app\/wp-json\/wp\/v2\/media?parent=273"}],"wp:term":[{"taxonomy":"category","embeddable":true,"href":"https:\/\/www.newsrecorder.ro\/app\/wp-json\/wp\/v2\/categories?post=273"},{"taxonomy":"post_tag","embeddable":true,"href":"https:\/\/www.newsrecorder.ro\/app\/wp-json\/wp\/v2\/tags?post=273"}],"curies":[{"name":"wp","href":"https:\/\/api.w.org\/{rel}","templated":true}]}}