{"id":2732,"date":"2026-02-12T21:23:20","date_gmt":"2026-02-12T21:23:20","guid":{"rendered":"https:\/\/www.newsrecorder.ro\/app\/2026\/02\/12\/india-doteaza-aviatia-militara-cu-114-avioane-rafale-contract-istoric\/"},"modified":"2026-02-12T21:23:20","modified_gmt":"2026-02-12T21:23:20","slug":"india-doteaza-aviatia-militara-cu-114-avioane-rafale-contract-istoric","status":"publish","type":"post","link":"https:\/\/www.newsrecorder.ro\/app\/2026\/02\/12\/india-doteaza-aviatia-militara-cu-114-avioane-rafale-contract-istoric\/","title":{"rendered":"India doteaz\u0103 avia\u021bia militar\u0103 cu 114 avioane Rafale: contract istoric!"},"content":{"rendered":"<p>Recent, oficialii au caracterizat decizia de a achizi\u021biona avioane Rafale drept un \u201ejalon foarte important\u201d \u00een direc\u021bia unui contract istoric, o veste care a fost primit\u0103 cu entuziasm de pre\u0219edin\u021bia francez\u0103. Anun\u021bul a fost f\u0103cut cu doar c\u00e2teva zile \u00eenainte de vizita pre\u0219edintelui Emmanuel Macron \u00een India, programat\u0103 \u00eentre 17 \u0219i 19 februarie, \u00een cadrul unui summit dedicat inteligen\u021bei artificiale.<\/p>\n<p>Conform surselor oficiale, acest acord cuprinde fabricarea a cel pu\u021bin 90 din cele 114 avioane direct pe teritoriul Indiei, \u00een conformitate cu ini\u021biativa \u201eMake in India\u201d sus\u021binut\u0103 de premierul Narendra Modi. Acest contract se dovede\u0219te a fi cel mai mare acord de export pentru avioanele Rafale \u0219i, dac\u0103 va fi confirmat, va echivala cu \u00eentreaga flot\u0103 de Rafale de\u021binut\u0103 \u00een prezent de avia\u021bia militar\u0103 francez\u0103.<\/p>\n<p>Investi\u021bia \u00een avioanele Rafale face parte dintr-o strategie mai ampl\u0103 de modernizare a echipamentelor militare, av\u00e2nd o valoare total\u0103 estimat\u0103 la 39 de miliarde de dolari. Aceasta decizie survine \u00een contextul \u00een care India a anun\u021bat o cre\u0219tere de 15% a bugetului pentru ap\u0103rare, care va ajunge la aproximativ 85 de miliarde de dolari. Guvernul indian a solicitat un transfer semnificativ de tehnologie \u0219i o produc\u021bie local\u0103 extins\u0103 pentru a impulsiona industria na\u021bional\u0103 de ap\u0103rare.<\/p>\n<p>Decizia de achizi\u021bie a avioanelor Rafale nu doar c\u0103 \u00eent\u0103re\u0219te rela\u021biile militare \u0219i diplomatice dintre India \u0219i Fran\u021ba, ci este \u0219i un pas strategic important pentru securitatea na\u021bional\u0103 a Indiei, contribuind la cooperarea bilateral\u0103 \u00een domeniul tehnologic \u0219i militar. De asemenea, acest acord va permite modernizarea \u0219i extinderea capacit\u0103\u021bilor avia\u021biei indiene.<\/p>\n","protected":false},"excerpt":{"rendered":"<p>Recent, oficialii au caracterizat decizia de a achizi\u021biona avioane Rafale drept un \u201ejalon foarte important\u201d \u00een direc\u021bia unui contract istoric, o veste care a fost primit\u0103 cu entuziasm de pre\u0219edin\u021bia francez\u0103. Anun\u021bul a fost f\u0103cut cu doar c\u00e2teva zile \u00eenainte de vizita pre\u0219edintelui Emmanuel Macron \u00een India, programat\u0103 \u00eentre 17 \u0219i 19 februarie, \u00een cadrul [&hellip;]<\/p>\n","protected":false},"author":2,"featured_media":2733,"comment_status":"open","ping_status":"open","sticky":false,"template":"","format":"standard","meta":{"jnews-multi-image_gallery":[],"jnews_single_post":[],"jnews_primary_category":[],"jnews_override_counter":[],"footnotes":""},"categories":[41],"tags":[4622,4623,3327,2454,394,368,4624,4625],"class_list":["post-2732","post","type-post","status-publish","format-standard","has-post-thumbnail","hentry","category-externe","tag-avioane-rafale","tag-contract-istoric","tag-emmanuel-macron","tag-india","tag-inteligenta-artificiala","tag-investitie","tag-make-in-india","tag-modernizare-militara"],"_links":{"self":[{"href":"https:\/\/www.newsrecorder.ro\/app\/wp-json\/wp\/v2\/posts\/2732","targetHints":{"allow":["GET"]}}],"collection":[{"href":"https:\/\/www.newsrecorder.ro\/app\/wp-json\/wp\/v2\/posts"}],"about":[{"href":"https:\/\/www.newsrecorder.ro\/app\/wp-json\/wp\/v2\/types\/post"}],"author":[{"embeddable":true,"href":"https:\/\/www.newsrecorder.ro\/app\/wp-json\/wp\/v2\/users\/2"}],"replies":[{"embeddable":true,"href":"https:\/\/www.newsrecorder.ro\/app\/wp-json\/wp\/v2\/comments?post=2732"}],"version-history":[{"count":0,"href":"https:\/\/www.newsrecorder.ro\/app\/wp-json\/wp\/v2\/posts\/2732\/revisions"}],"wp:featuredmedia":[{"embeddable":true,"href":"https:\/\/www.newsrecorder.ro\/app\/wp-json\/wp\/v2\/media\/2733"}],"wp:attachment":[{"href":"https:\/\/www.newsrecorder.ro\/app\/wp-json\/wp\/v2\/media?parent=2732"}],"wp:term":[{"taxonomy":"category","embeddable":true,"href":"https:\/\/www.newsrecorder.ro\/app\/wp-json\/wp\/v2\/categories?post=2732"},{"taxonomy":"post_tag","embeddable":true,"href":"https:\/\/www.newsrecorder.ro\/app\/wp-json\/wp\/v2\/tags?post=2732"}],"curies":[{"name":"wp","href":"https:\/\/api.w.org\/{rel}","templated":true}]}}