{"id":2734,"date":"2026-02-12T21:23:39","date_gmt":"2026-02-12T21:23:39","guid":{"rendered":"https:\/\/www.newsrecorder.ro\/app\/2026\/02\/12\/angela-merkel-dezvaluie-adevarul-despre-o-posibila-candidatura-la-presedintie\/"},"modified":"2026-02-12T21:23:39","modified_gmt":"2026-02-12T21:23:39","slug":"angela-merkel-dezvaluie-adevarul-despre-o-posibila-candidatura-la-presedintie","status":"publish","type":"post","link":"https:\/\/www.newsrecorder.ro\/app\/2026\/02\/12\/angela-merkel-dezvaluie-adevarul-despre-o-posibila-candidatura-la-presedintie\/","title":{"rendered":"Angela Merkel dezv\u0103luie adev\u0103rul despre o posibil\u0103 candidatur\u0103 la pre\u0219edin\u021bie"},"content":{"rendered":"<p>Biroul fostului cancelar german Angela Merkel a dezmin\u021bit cu fermitate, joi, zvonurile conform c\u0103rora aceasta ar inten\u021biona s\u0103 candideze la pre\u0219edin\u021bia Germaniei, o competi\u021bie electoral\u0103 programat\u0103 pentru anul 2027. \u00cen prezent, partidele politice analizeaz\u0103 posibilii succesorii pentru actualul pre\u0219edinte, Frank-Walter Steinmeier.<\/p>\n<p>\u201eEste absurd\u201d, a declarat un purt\u0103tor de cuv\u00e2nt al fostului birou al cancelarului, r\u0103spunz\u00e2nd unei \u00eentreb\u0103ri adresate de publica\u021bia Tagesspiegel, a\u0219a cum a relatat <a style=\"color: #0000ff\" href=\"https:\/\/www.dw.com\/en\/merkel-calls-speculation-about-german-presidency-bid-absurd\/a-75930205\" target=\"_blank\" rel=\"noopener\">Deutsche Welle<\/a>.<\/p>\n<p>Informa\u021biile referitoare la o posibil\u0103 candidatur\u0103 a lui Merkel au ap\u0103rut ini\u021bial \u00een tabloidul german Bild, care a sus\u021binut c\u0103 Partidul Verde din opozi\u021bie ar putea s\u0103 o propun\u0103 pe aceasta, din Uniunea Cre\u0219tin-Democrat\u0103 (CDU), pentru alegerile preziden\u021biale din 2027. Totu\u0219i, purt\u0103torul de cuv\u00e2nt a respins aceste specula\u021bii.<\/p>\n<p>Partidul Verde a declarat, de asemenea, c\u0103 nu are planuri de a o sus\u021bine pe Merkel. Co-liderul parlamentar Britta Hasselmann a afirmat pentru Rheinische Post: \u201eNu este nimic adev\u0103rat\u201d. Ea a ad\u0103ugat c\u0103, \u00een ceea ce prive\u0219te alegerea pre\u0219edintelui federal, nu s-a discutat sau decis nimic \u00een cadrul partidului p\u00e2n\u0103 \u00een acest moment.<\/p>\n<p>P\u00e2n\u0103 acum, niciun fost cancelar nu a preluat func\u021bia de pre\u0219edinte al Germaniei dup\u0103 ce a p\u0103r\u0103sit guvernul, ceea ce face ca specula\u021biile legate de o eventual\u0103 candidatur\u0103 a lui Merkel s\u0103 fie \u0219i mai surprinz\u0103toare.<\/p>\n<p>De la retragerea sa din politic\u0103 \u00een 2021, Angela Merkel a evitat, \u00een mare parte, implicarea \u00een activit\u0103\u021bile politice, concentr\u00e2ndu-se pe via\u021ba personal\u0103, particip\u00e2nd la apari\u021bii publice selectate \u0219i implic\u00e2ndu-se \u00een c\u00e2teva proiecte majore.<\/p>\n<p>Func\u021bia de pre\u0219edinte al Germaniei este \u00een principal una ceremonial\u0103, dar aceasta confer\u0103 o autoritate moral\u0103 semnificativ\u0103 \u0219i reprezint\u0103 \u021bara pe scena interna\u021bional\u0103.<\/p>\n<p>Mandatul actualului pre\u0219edinte, Frank-Walter Steinmeier, se va \u00eencheia \u00een martie 2027. Conform legisla\u021biei germane, acesta nu are dreptul de a candida din nou pentru un nou mandat.<\/p>\n","protected":false},"excerpt":{"rendered":"<p>Biroul fostului cancelar german Angela Merkel a dezmin\u021bit cu fermitate, joi, zvonurile conform c\u0103rora aceasta ar inten\u021biona s\u0103 candideze la pre\u0219edin\u021bia Germaniei, o competi\u021bie electoral\u0103 programat\u0103 pentru anul 2027. \u00cen prezent, partidele politice analizeaz\u0103 posibilii succesorii pentru actualul pre\u0219edinte, Frank-Walter Steinmeier. \u201eEste absurd\u201d, a declarat un purt\u0103tor de cuv\u00e2nt al fostului birou al cancelarului, r\u0103spunz\u00e2nd [&hellip;]<\/p>\n","protected":false},"author":2,"featured_media":2735,"comment_status":"open","ping_status":"open","sticky":false,"template":"","format":"standard","meta":{"jnews-multi-image_gallery":[],"jnews_single_post":[],"jnews_primary_category":[],"jnews_override_counter":[],"footnotes":""},"categories":[41],"tags":[4626,3434,4629,3431,4630,4627,630,4628],"class_list":["post-2734","post","type-post","status-publish","format-standard","has-post-thumbnail","hentry","category-externe","tag-angela-merkel","tag-candidatura","tag-frank-walter-steinmeier","tag-partide-politice","tag-partidul-verde","tag-presedintia-germaniei","tag-speculatii","tag-succesor"],"_links":{"self":[{"href":"https:\/\/www.newsrecorder.ro\/app\/wp-json\/wp\/v2\/posts\/2734","targetHints":{"allow":["GET"]}}],"collection":[{"href":"https:\/\/www.newsrecorder.ro\/app\/wp-json\/wp\/v2\/posts"}],"about":[{"href":"https:\/\/www.newsrecorder.ro\/app\/wp-json\/wp\/v2\/types\/post"}],"author":[{"embeddable":true,"href":"https:\/\/www.newsrecorder.ro\/app\/wp-json\/wp\/v2\/users\/2"}],"replies":[{"embeddable":true,"href":"https:\/\/www.newsrecorder.ro\/app\/wp-json\/wp\/v2\/comments?post=2734"}],"version-history":[{"count":0,"href":"https:\/\/www.newsrecorder.ro\/app\/wp-json\/wp\/v2\/posts\/2734\/revisions"}],"wp:featuredmedia":[{"embeddable":true,"href":"https:\/\/www.newsrecorder.ro\/app\/wp-json\/wp\/v2\/media\/2735"}],"wp:attachment":[{"href":"https:\/\/www.newsrecorder.ro\/app\/wp-json\/wp\/v2\/media?parent=2734"}],"wp:term":[{"taxonomy":"category","embeddable":true,"href":"https:\/\/www.newsrecorder.ro\/app\/wp-json\/wp\/v2\/categories?post=2734"},{"taxonomy":"post_tag","embeddable":true,"href":"https:\/\/www.newsrecorder.ro\/app\/wp-json\/wp\/v2\/tags?post=2734"}],"curies":[{"name":"wp","href":"https:\/\/api.w.org\/{rel}","templated":true}]}}