{"id":2742,"date":"2026-02-12T21:40:54","date_gmt":"2026-02-12T21:40:54","guid":{"rendered":"https:\/\/www.newsrecorder.ro\/app\/2026\/02\/12\/orban-la-summitul-ue-sa-investim-in-economia-noastra-nu-in-ucraina\/"},"modified":"2026-02-12T21:40:54","modified_gmt":"2026-02-12T21:40:54","slug":"orban-la-summitul-ue-sa-investim-in-economia-noastra-nu-in-ucraina","status":"publish","type":"post","link":"https:\/\/www.newsrecorder.ro\/app\/2026\/02\/12\/orban-la-summitul-ue-sa-investim-in-economia-noastra-nu-in-ucraina\/","title":{"rendered":"Orb\u00e1n la Summitul UE: S\u0103 investim \u00een economia noastr\u0103, nu \u00een Ucraina!"},"content":{"rendered":"<p>Premierul Ungariei, Viktor Orb\u00e1n, a solicitat Uniunii Europene s\u0103 opreasc\u0103 transferurile financiare c\u0103tre Ucraina \u0219i s\u0103 redirec\u021bioneze ace\u0219ti bani pentru a sus\u021bine economia european\u0103. Aceast\u0103 afirma\u021bie a fost f\u0103cut\u0103 \u00een cadrul unui summit informal dedicat competitivit\u0103\u021bii, la care au participat cei 27 de lideri europeni, conform agen\u021biei de \u0219tiri AFP.<\/p>\n<p>Orb\u00e1n a subliniat c\u0103 economia Uniunii Europene se afl\u0103 \u00eentr-o perioad\u0103 de recesiune \u0219i a propus o solu\u021bie \u00een trei pa\u0219i pentru a remedia situa\u021bia. \u201eAvem nevoie de pace, deoarece \u00een timpul r\u0103zboiului economia este blocat\u0103 \u0219i nu poate cre\u0219te. R\u0103zboiul este d\u0103un\u0103tor pentru economie, a\u0219a c\u0103 trebuie s\u0103 ob\u021binem pacea c\u00e2t mai cur\u00e2nd posibil\u201d, a declarat el.<\/p>\n<p>Prim-ministrul ungar a ad\u0103ugat c\u0103 o component\u0103 important\u0103 a acestei solu\u021bii ar fi \u00eencetarea sprijinului oferit Ucrainei pentru autoap\u0103rare \u00eempotriva agresiunii ruse\u0219ti. \u201eDac\u0103 ave\u021bi bani, iar UE dispune de resurse financiare, ace\u0219tia nu ar trebui s\u0103 fie trimisi \u00een alte direc\u021bii, \u00een condi\u021biile \u00een care ave\u021bi nevoie de ei acas\u0103. De exemplu, nu \u00eei trimite\u021bi \u00een Ucraina\u201d, a insistat Viktor Orb\u00e1n.<\/p>\n<p>\u00cen plus, Orb\u00e1n a subliniat necesitatea reducerii costurilor energetice pentru Europa. \u201ePrincipala problem\u0103 pentru companiile noastre este pre\u021bul energiei, a\u0219a c\u0103 trebuie s\u0103-l reducem. Trebuie s\u0103 reducem pre\u021burile\u201d, a afirmat el \u00een fa\u021ba jurnali\u0219tilor.<\/p>\n<p>Aceast\u0103 serie de declara\u021bii vine \u00eentr-un context electoral intens \u00een Ungaria, cu alegerile parlamentare programate pentru luna aprilie. Guvernul lui Orb\u00e1n se confrunt\u0103 cu o opozi\u021bie puternic\u0103 din partea partidului Tisza.<\/p>\n<p>De asemenea, Orb\u00e1n a exprimat, cu mult \u00eenainte de summit, opozi\u021bia sa fa\u021b\u0103 de o posibil\u0103 aderare a Ucrainei la Uniunea European\u0103, argument\u00e2nd c\u0103 o astfel de decizie ar aduce instabilitate \u0219i ar avea un impact negativ asupra economiei europene. \u00cen weekendul precedent, el a caracterizat Ucraina ca fiind un \u201edu\u0219man al Ungariei\u201d, f\u0103c\u00e2nd referire la apelurile venite din Kiev c\u0103tre Budapesta pentru a-\u0219i reduce dependen\u021ba de energia ruseasc\u0103.<\/p>\n","protected":false},"excerpt":{"rendered":"<p>Premierul Ungariei, Viktor Orb\u00e1n, a solicitat Uniunii Europene s\u0103 opreasc\u0103 transferurile financiare c\u0103tre Ucraina \u0219i s\u0103 redirec\u021bioneze ace\u0219ti bani pentru a sus\u021bine economia european\u0103. Aceast\u0103 afirma\u021bie a fost f\u0103cut\u0103 \u00een cadrul unui summit informal dedicat competitivit\u0103\u021bii, la care au participat cei 27 de lideri europeni, conform agen\u021biei de \u0219tiri AFP. Orb\u00e1n a subliniat c\u0103 economia [&hellip;]<\/p>\n","protected":false},"author":2,"featured_media":2743,"comment_status":"open","ping_status":"open","sticky":false,"template":"","format":"standard","meta":{"jnews-multi-image_gallery":[],"jnews_single_post":[],"jnews_primary_category":[],"jnews_override_counter":[],"footnotes":""},"categories":[41],"tags":[780,915,3179,717,4644,682,321,2103],"class_list":["post-2742","post","type-post","status-publish","format-standard","has-post-thumbnail","hentry","category-externe","tag-economie","tag-razboi","tag-recesiune","tag-sprijin-financiar","tag-summit-european","tag-ucraina","tag-uniunea-europeana","tag-viktor-orban"],"_links":{"self":[{"href":"https:\/\/www.newsrecorder.ro\/app\/wp-json\/wp\/v2\/posts\/2742","targetHints":{"allow":["GET"]}}],"collection":[{"href":"https:\/\/www.newsrecorder.ro\/app\/wp-json\/wp\/v2\/posts"}],"about":[{"href":"https:\/\/www.newsrecorder.ro\/app\/wp-json\/wp\/v2\/types\/post"}],"author":[{"embeddable":true,"href":"https:\/\/www.newsrecorder.ro\/app\/wp-json\/wp\/v2\/users\/2"}],"replies":[{"embeddable":true,"href":"https:\/\/www.newsrecorder.ro\/app\/wp-json\/wp\/v2\/comments?post=2742"}],"version-history":[{"count":0,"href":"https:\/\/www.newsrecorder.ro\/app\/wp-json\/wp\/v2\/posts\/2742\/revisions"}],"wp:featuredmedia":[{"embeddable":true,"href":"https:\/\/www.newsrecorder.ro\/app\/wp-json\/wp\/v2\/media\/2743"}],"wp:attachment":[{"href":"https:\/\/www.newsrecorder.ro\/app\/wp-json\/wp\/v2\/media?parent=2742"}],"wp:term":[{"taxonomy":"category","embeddable":true,"href":"https:\/\/www.newsrecorder.ro\/app\/wp-json\/wp\/v2\/categories?post=2742"},{"taxonomy":"post_tag","embeddable":true,"href":"https:\/\/www.newsrecorder.ro\/app\/wp-json\/wp\/v2\/tags?post=2742"}],"curies":[{"name":"wp","href":"https:\/\/api.w.org\/{rel}","templated":true}]}}