{"id":2754,"date":"2026-02-12T21:42:39","date_gmt":"2026-02-12T21:42:39","guid":{"rendered":"https:\/\/www.newsrecorder.ro\/app\/2026\/02\/12\/ministrul-de-finante-intrarea-in-recesiune-tehnica-o-posibilitate-reala\/"},"modified":"2026-02-12T21:42:39","modified_gmt":"2026-02-12T21:42:39","slug":"ministrul-de-finante-intrarea-in-recesiune-tehnica-o-posibilitate-reala","status":"publish","type":"post","link":"https:\/\/www.newsrecorder.ro\/app\/2026\/02\/12\/ministrul-de-finante-intrarea-in-recesiune-tehnica-o-posibilitate-reala\/","title":{"rendered":"Ministrul de Finan\u021be: Intrarea \u00een recesiune tehnic\u0103, o posibilitate real\u0103!"},"content":{"rendered":"<p>\u00centr-o emisiune difuzat\u0103 joi seara pe Antena 3 CNN, ministrul de Finan\u021be, Alexandru Nazare, a abordat situa\u021bia economic\u0103 din Rom\u00e2nia, subliniind c\u0103 nu este momentul pentru panic\u0103.<\/p>\n<p>\u201eNu pot s\u0103 confirm nimic, indiferent de anun\u021bul preconizat pentru m\u00e2ine, care ar putea indica un trimestru negativ. Vreau s\u0103 fac un apel la ra\u021biune \u0219i calm\u201d, a afirmat ministrul. El a dorit s\u0103 clarifice c\u0103 Rom\u00e2nia nu se afl\u0103 \u00een pragul unei crize economice semnificative.<\/p>\n<p>Nazare a continuat s\u0103 explice c\u0103, \u00een cazul \u00een care \u021bara ar fi fost \u00eentr-o criz\u0103 major\u0103, investitorii ar fi fost primii care ar fi observat acest lucru. \u201eInvestitorii devin din ce \u00een ce mai optimi\u0219ti. Nu putem compara situa\u021bia actual\u0103 cu ceea ce s-a \u00eent\u00e2mplat \u00een 2009\u201d, a declarat el.<\/p>\n<p>Optimizmul ministrului s-a bazat pe obiectivele economice stabilite pentru acest an. \u201eTrebuie s\u0103 ne concentr\u0103m pe cre\u0219terea economic\u0103 a anului 2025, care, de\u0219i va fi mai modest\u0103, este totu\u0219i un semn c\u0103 Rom\u00e2nia r\u0103m\u00e2ne pe un drum de cre\u0219tere. Dac\u0103 nu am fi implementat m\u0103surile necesare \u00een 2025, am fi fost \u00eentr-o criz\u0103 profund\u0103, din care ne-am fi recuperat doar \u00een c\u00e2\u021biva ani. Nu am avut alternativ\u0103, iar m\u0103surile FMI ar fi fost mult mai dure, cu un impact considerabil asupra cet\u0103\u021benilor\u201d, a explicat el. De asemenea, Nazare a men\u021bionat c\u0103 obiectivul este de a reveni la o cre\u0219tere economic\u0103 pe poten\u021bial \u00een 2026.<\/p>\n<p>Cu toate acestea, ministrul a recunoscut c\u0103 un eventual anun\u021b al Institutului Na\u021bional de Statistic\u0103 (INS) privind recesiunea tehnic\u0103 nu trebuie ignorat, deoarece \u201ereprezint\u0103 un semnal care indic\u0103 faptul c\u0103 anumite sectoare, cum ar fi industria, \u00eent\u00e2mpin\u0103 dificult\u0103\u021bi\u201d.<\/p>\n<p>Pe l\u00e2ng\u0103 aceste declara\u021bii, se a\u0219teapt\u0103 ca vineri Agen\u021bia Fitch s\u0103 publice o evaluare a ratingului de \u021bar\u0103. Alexandru Nazare a estimat c\u0103 agen\u021bia va confirma ratingul actual al Rom\u00e2niei.<\/p>\n","protected":false},"excerpt":{"rendered":"<p>\u00centr-o emisiune difuzat\u0103 joi seara pe Antena 3 CNN, ministrul de Finan\u021be, Alexandru Nazare, a abordat situa\u021bia economic\u0103 din Rom\u00e2nia, subliniind c\u0103 nu este momentul pentru panic\u0103. \u201eNu pot s\u0103 confirm nimic, indiferent de anun\u021bul preconizat pentru m\u00e2ine, care ar putea indica un trimestru negativ. Vreau s\u0103 fac un apel la ra\u021biune \u0219i calm\u201d, a [&hellip;]<\/p>\n","protected":false},"author":4,"featured_media":2755,"comment_status":"open","ping_status":"open","sticky":false,"template":"","format":"standard","meta":{"jnews-multi-image_gallery":[],"jnews_single_post":[],"jnews_primary_category":[],"jnews_override_counter":[],"footnotes":""},"categories":[40],"tags":[4672,2420,2403,780,420,4671,4670,149],"class_list":["post-2754","post","type-post","status-publish","format-standard","has-post-thumbnail","hentry","category-econonie","tag-alexandru-nazare","tag-crestere-economica","tag-criza","tag-economie","tag-investitii","tag-ministrul-de-finante","tag-optimizare","tag-romania"],"_links":{"self":[{"href":"https:\/\/www.newsrecorder.ro\/app\/wp-json\/wp\/v2\/posts\/2754","targetHints":{"allow":["GET"]}}],"collection":[{"href":"https:\/\/www.newsrecorder.ro\/app\/wp-json\/wp\/v2\/posts"}],"about":[{"href":"https:\/\/www.newsrecorder.ro\/app\/wp-json\/wp\/v2\/types\/post"}],"author":[{"embeddable":true,"href":"https:\/\/www.newsrecorder.ro\/app\/wp-json\/wp\/v2\/users\/4"}],"replies":[{"embeddable":true,"href":"https:\/\/www.newsrecorder.ro\/app\/wp-json\/wp\/v2\/comments?post=2754"}],"version-history":[{"count":0,"href":"https:\/\/www.newsrecorder.ro\/app\/wp-json\/wp\/v2\/posts\/2754\/revisions"}],"wp:featuredmedia":[{"embeddable":true,"href":"https:\/\/www.newsrecorder.ro\/app\/wp-json\/wp\/v2\/media\/2755"}],"wp:attachment":[{"href":"https:\/\/www.newsrecorder.ro\/app\/wp-json\/wp\/v2\/media?parent=2754"}],"wp:term":[{"taxonomy":"category","embeddable":true,"href":"https:\/\/www.newsrecorder.ro\/app\/wp-json\/wp\/v2\/categories?post=2754"},{"taxonomy":"post_tag","embeddable":true,"href":"https:\/\/www.newsrecorder.ro\/app\/wp-json\/wp\/v2\/tags?post=2754"}],"curies":[{"name":"wp","href":"https:\/\/api.w.org\/{rel}","templated":true}]}}