{"id":2790,"date":"2026-02-13T08:14:10","date_gmt":"2026-02-13T08:14:10","guid":{"rendered":"https:\/\/www.newsrecorder.ro\/app\/2026\/02\/13\/parlamentul-european-sustine-initiativa-lui-victor-negrescu-in-lupta-impotriva-cancerului\/"},"modified":"2026-02-13T08:14:10","modified_gmt":"2026-02-13T08:14:10","slug":"parlamentul-european-sustine-initiativa-lui-victor-negrescu-in-lupta-impotriva-cancerului","status":"publish","type":"post","link":"https:\/\/www.newsrecorder.ro\/app\/2026\/02\/13\/parlamentul-european-sustine-initiativa-lui-victor-negrescu-in-lupta-impotriva-cancerului\/","title":{"rendered":"Parlamentul European sus\u021bine ini\u021biativa lui Victor Negrescu \u00een lupta \u00eempotriva cancerului"},"content":{"rendered":"<p>Parlamentul European a adoptat recent o rezolu\u021bie semnificativ\u0103 \u00een lupta \u00eempotriva cancerului, cu 427 de voturi pentru dintr-un total de 581 de voturi exprimate. Europarlamentarul social-democrat Victor Negrescu, coini\u021biator al acestei ini\u021biative, a exprimat bucuria sa printr-un mesaj pe Facebook, eviden\u021biind includerea unor referin\u021be esen\u021biale la pacien\u021bii copii \u0219i oncologia pediatric\u0103 \u00een rezolu\u021bia final\u0103. Negrescu subliniaz\u0103 importan\u021ba cre\u0103rii unor re\u021bele solide de oncologie pediatric\u0103 \u0219i asigurarea accesului echitabil la tratamente inovatoare pentru to\u021bi copiii din Uniunea European\u0103.<\/p>\n<p>Rezolu\u021bia a fost adoptat\u0103 joi, cu ocazia Zilei Mondiale de Lupt\u0103 \u00cempotriva Cancerului. \u00cen acest context, Parlamentul European solicit\u0103 constituirea unui program european dedicat s\u0103n\u0103t\u0103\u021bii \u00een urm\u0103torul buget multianual al Uniunii Europene, care va acoperi perioada 2028\u20132034. Scopul acestui program este de a asigura continuitatea \u0219i finan\u021barea ini\u021biativelor incluse \u00een Planul European de Combatere a Cancerului, conform celor relatate de The Brussels Times.<\/p>\n<p>Pe l\u00e2ng\u0103 aceste solicit\u0103ri, documentul subliniaz\u0103 c\u0103 s\u0103n\u0103tatea \u0219i \u00eengrijirea oncologic\u0103 ar trebui considerate \u201einvesti\u021bii sociale\u201d \u00een planurile na\u021bionale \u0219i regionale ale statelor membre, inclusiv sprijin pentru programele de screening.<\/p>\n<p>Un alt punct important abordat \u00een rezolu\u021bie este accesul echitabil la tratamente. Eurodeputa\u021bii cer Comisiei Europene \u0219i statelor membre s\u0103 faciliteze achizi\u021biile comune voluntare de medicamente, s\u0103 \u00eembun\u0103t\u0103\u021beasc\u0103 transparen\u021ba pre\u021burilor \u0219i s\u0103 accelereze procesul de aprobat al terapiilor oncologice inovatoare pe pia\u021b\u0103.<\/p>\n<p>De asemenea, documentul pune accent pe protejarea drepturilor supravie\u021buitorilor de cancer, prin aplicarea principiului \u201edreptului de a fi uitat\u201d, care are rolul de a preveni discriminarea financiar\u0103 \u00een accesarea creditelor, ipotecilor sau asigur\u0103rilor.<\/p>\n<p>\u00cen concluzia mesajului s\u0103u, Victor Negrescu a reafirmat: \u201eReiterez ceea ce am spus \u0219i \u00een plenul legislativului european: dincolo de documente, statele membre trebuie s\u0103 ac\u021bioneze, astfel \u00eenc\u00e2t fiecare copil \u0219i pacient din Europa s\u0103 beneficieze de \u00eengrijiri de calitate \u00een lupta \u00eempotriva cancerului!\u201d<\/p>\n","protected":false},"excerpt":{"rendered":"<p>Parlamentul European a adoptat recent o rezolu\u021bie semnificativ\u0103 \u00een lupta \u00eempotriva cancerului, cu 427 de voturi pentru dintr-un total de 581 de voturi exprimate. Europarlamentarul social-democrat Victor Negrescu, coini\u021biator al acestei ini\u021biative, a exprimat bucuria sa printr-un mesaj pe Facebook, eviden\u021biind includerea unor referin\u021be esen\u021biale la pacien\u021bii copii \u0219i oncologia pediatric\u0103 \u00een rezolu\u021bia final\u0103. Negrescu [&hellip;]<\/p>\n","protected":false},"author":2,"featured_media":2791,"comment_status":"open","ping_status":"open","sticky":false,"template":"","format":"standard","meta":{"jnews-multi-image_gallery":[],"jnews_single_post":[],"jnews_primary_category":[],"jnews_override_counter":[],"footnotes":""},"categories":[42],"tags":[4735,4733,634,4737,4732,4734,3912,4736],"class_list":["post-2790","post","type-post","status-publish","format-standard","has-post-thumbnail","hentry","category-politica","tag-acces-echitabil","tag-oncologie-pediatrica","tag-parlamentul-european","tag-program-european-sanatate","tag-rezolutie-cancer","tag-tratamente-inovatoare","tag-victor-negrescu","tag-ziua-mondiala-de-lupta-impotriva-cancerului"],"_links":{"self":[{"href":"https:\/\/www.newsrecorder.ro\/app\/wp-json\/wp\/v2\/posts\/2790","targetHints":{"allow":["GET"]}}],"collection":[{"href":"https:\/\/www.newsrecorder.ro\/app\/wp-json\/wp\/v2\/posts"}],"about":[{"href":"https:\/\/www.newsrecorder.ro\/app\/wp-json\/wp\/v2\/types\/post"}],"author":[{"embeddable":true,"href":"https:\/\/www.newsrecorder.ro\/app\/wp-json\/wp\/v2\/users\/2"}],"replies":[{"embeddable":true,"href":"https:\/\/www.newsrecorder.ro\/app\/wp-json\/wp\/v2\/comments?post=2790"}],"version-history":[{"count":0,"href":"https:\/\/www.newsrecorder.ro\/app\/wp-json\/wp\/v2\/posts\/2790\/revisions"}],"wp:featuredmedia":[{"embeddable":true,"href":"https:\/\/www.newsrecorder.ro\/app\/wp-json\/wp\/v2\/media\/2791"}],"wp:attachment":[{"href":"https:\/\/www.newsrecorder.ro\/app\/wp-json\/wp\/v2\/media?parent=2790"}],"wp:term":[{"taxonomy":"category","embeddable":true,"href":"https:\/\/www.newsrecorder.ro\/app\/wp-json\/wp\/v2\/categories?post=2790"},{"taxonomy":"post_tag","embeddable":true,"href":"https:\/\/www.newsrecorder.ro\/app\/wp-json\/wp\/v2\/tags?post=2790"}],"curies":[{"name":"wp","href":"https:\/\/api.w.org\/{rel}","templated":true}]}}