{"id":2792,"date":"2026-02-13T08:14:25","date_gmt":"2026-02-13T08:14:25","guid":{"rendered":"https:\/\/www.newsrecorder.ro\/app\/2026\/02\/13\/adrian-caciu-acuza-bolojan-a-dus-romania-pe-calea-gresita\/"},"modified":"2026-02-13T08:14:25","modified_gmt":"2026-02-13T08:14:25","slug":"adrian-caciu-acuza-bolojan-a-dus-romania-pe-calea-gresita","status":"publish","type":"post","link":"https:\/\/www.newsrecorder.ro\/app\/2026\/02\/13\/adrian-caciu-acuza-bolojan-a-dus-romania-pe-calea-gresita\/","title":{"rendered":"Adrian C\u00e2ciu acuz\u0103: Bolojan a dus Rom\u00e2nia pe calea gre\u0219it\u0103!"},"content":{"rendered":"<p>Adrian C\u00e2ciu a f\u0103cut o declara\u021bie puternic\u0103 pe re\u021belele de socializare, afirm\u00e2nd c\u0103 Rom\u00e2nia se afl\u0103 \u00eentr-o situa\u021bie economic\u0103 precar\u0103, descriind-o ca fiind \u201e\u00een gard\u201d. El a subliniat c\u0103 contrac\u021bia economic\u0103 este semnificativ\u0103 \u0219i a avertizat c\u0103 pentru primul trimestru din 2026 se preconizeaz\u0103 o continuare a tendin\u021bei negative, sus\u021bin\u00e2nd c\u0103 premierul Ilie Bolojan a refuzat s\u0103 implementeze un plan de stimulare economic\u0103 sau s\u0103 adopte bugetul \u00een luna decembrie.<\/p>\n<p>C\u00e2ciu nu ezit\u0103 s\u0103-l critice pe Bolojan, acuz\u00e2ndu-l c\u0103 a dus Rom\u00e2nia \u00eentr-o direc\u021bie gre\u0219it\u0103. \u201eBolojan a b\u0103gat Rom\u00e2nia \u00een gard! Din punctul meu de vedere, este cel mai slab premier din istorie. Al\u021bii ar fi spus c\u0103 e incompetent!\u201d, a declarat C\u00e2ciu, subliniind astfel nemul\u021bumirea fa\u021b\u0103 de conducerea actual\u0103.<\/p>\n<p>Conform <a href=\"https:\/\/www.mediafax.ro\/economic\/romania-a-intrat-in-recesiune-tehnica-ins-contractie-de-19-in-ultimul-trimestru-din-2025-23686342\" target=\"_blank\" rel=\"noopener\">Institutului Na\u021bional de Statistic\u0103<\/a>, Rom\u00e2nia a intrat \u00een recesiune tehnic\u0103, cu o sc\u0103dere a PIB-ului de 1,9% \u00een trimestrul IV din 2025, comparativ cu trimestrul anterior. Aceasta este a doua sc\u0103dere consecutiv\u0103, dup\u0103 ce \u00een trimestrul III, PIB-ul a \u00eenregistrat o diminuare de 0,2% fa\u021b\u0103 de trimestrul II.<\/p>\n<p>&nbsp;<\/p>\n","protected":false},"excerpt":{"rendered":"<p>Adrian C\u00e2ciu a f\u0103cut o declara\u021bie puternic\u0103 pe re\u021belele de socializare, afirm\u00e2nd c\u0103 Rom\u00e2nia se afl\u0103 \u00eentr-o situa\u021bie economic\u0103 precar\u0103, descriind-o ca fiind \u201e\u00een gard\u201d. El a subliniat c\u0103 contrac\u021bia economic\u0103 este semnificativ\u0103 \u0219i a avertizat c\u0103 pentru primul trimestru din 2026 se preconizeaz\u0103 o continuare a tendin\u021bei negative, sus\u021bin\u00e2nd c\u0103 premierul Ilie Bolojan a [&hellip;]<\/p>\n","protected":false},"author":2,"featured_media":2793,"comment_status":"open","ping_status":"open","sticky":false,"template":"","format":"standard","meta":{"jnews-multi-image_gallery":[],"jnews_single_post":[],"jnews_primary_category":[],"jnews_override_counter":[],"footnotes":""},"categories":[42],"tags":[2611,3748,697,302,1461,3478,149,3128],"class_list":["post-2792","post","type-post","status-publish","format-standard","has-post-thumbnail","hentry","category-politica","tag-adrian-caciu","tag-contractie-economica","tag-critici","tag-ilie-bolojan","tag-pib","tag-recesiune-tehnica","tag-romania","tag-situatie-economica"],"_links":{"self":[{"href":"https:\/\/www.newsrecorder.ro\/app\/wp-json\/wp\/v2\/posts\/2792","targetHints":{"allow":["GET"]}}],"collection":[{"href":"https:\/\/www.newsrecorder.ro\/app\/wp-json\/wp\/v2\/posts"}],"about":[{"href":"https:\/\/www.newsrecorder.ro\/app\/wp-json\/wp\/v2\/types\/post"}],"author":[{"embeddable":true,"href":"https:\/\/www.newsrecorder.ro\/app\/wp-json\/wp\/v2\/users\/2"}],"replies":[{"embeddable":true,"href":"https:\/\/www.newsrecorder.ro\/app\/wp-json\/wp\/v2\/comments?post=2792"}],"version-history":[{"count":0,"href":"https:\/\/www.newsrecorder.ro\/app\/wp-json\/wp\/v2\/posts\/2792\/revisions"}],"wp:featuredmedia":[{"embeddable":true,"href":"https:\/\/www.newsrecorder.ro\/app\/wp-json\/wp\/v2\/media\/2793"}],"wp:attachment":[{"href":"https:\/\/www.newsrecorder.ro\/app\/wp-json\/wp\/v2\/media?parent=2792"}],"wp:term":[{"taxonomy":"category","embeddable":true,"href":"https:\/\/www.newsrecorder.ro\/app\/wp-json\/wp\/v2\/categories?post=2792"},{"taxonomy":"post_tag","embeddable":true,"href":"https:\/\/www.newsrecorder.ro\/app\/wp-json\/wp\/v2\/tags?post=2792"}],"curies":[{"name":"wp","href":"https:\/\/api.w.org\/{rel}","templated":true}]}}