{"id":2806,"date":"2026-02-13T09:42:43","date_gmt":"2026-02-13T09:42:43","guid":{"rendered":"https:\/\/www.newsrecorder.ro\/app\/2026\/02\/13\/peskov-kremlinul-se-pregateste-cu-ai-pentru-un-eveniment-major\/"},"modified":"2026-02-13T09:42:43","modified_gmt":"2026-02-13T09:42:43","slug":"peskov-kremlinul-se-pregateste-cu-ai-pentru-un-eveniment-major","status":"publish","type":"post","link":"https:\/\/www.newsrecorder.ro\/app\/2026\/02\/13\/peskov-kremlinul-se-pregateste-cu-ai-pentru-un-eveniment-major\/","title":{"rendered":"Peskov: Kremlinul se preg\u0103te\u0219te cu AI pentru un eveniment major!"},"content":{"rendered":"<p>\u00centr-un interviu recent oferit agen\u021biei de \u0219tiri <a href=\"https:\/\/tass.com\/politics\/2086155\" target=\"_blank\" rel=\"noopener\">TASS<\/a>, un oficial a fost \u00eentrebat despre utilizarea inteligen\u021bei artificiale \u00een cadrul biroului de pres\u0103 al Pre\u0219edin\u021biei. R\u0103spunsul s\u0103u a fost clar: \u201eBine\u00een\u021beles, c\u0103 da\u201d.<\/p>\n<p>Acesta a continuat s\u0103 explice c\u0103 exist\u0103 o reticen\u021b\u0103 \u00een r\u00e2ndul unor persoane fa\u021b\u0103 de inteligen\u021ba artificial\u0103, subliniind c\u0103 natura uman\u0103 tinde s\u0103 se team\u0103 de inova\u021biile care ar putea schimba semnificativ status quo-ul: <em>\u201ese teme \u00eentotdeauna de lucruri noi \u0219i de orice ar putea schimba \u00een mod serios starea actual\u0103 a lucrurilor\u201d<\/em>.<\/p>\n<p>Oficialul a adus \u00een discu\u021bie \u0219i exemplul primelor automobile din Anglia, care nu au fost acceptate imediat, dar care, \u00een prezent, sunt v\u0103zute ca fiind extrem de utile. \u201eSunt sigur c\u0103 acela\u0219i lucru se va \u00eent\u00e2mpla \u0219i cu inteligen\u021ba artificial\u0103\u201d, a ad\u0103ugat el, referindu-se la evolu\u021bia atitudinilor fa\u021b\u0103 de aceast\u0103 tehnologie inovatoare.<\/p>\n<p>Re\u021beaua neuronal\u0103 GigaChat a fost utilizat\u0103 recent pentru a colecta \u0219i procesa \u00eentreb\u0103ri \u00een preg\u0103tirea unei transmisiuni \u00een direct cu pre\u0219edintele Rusiei, \u00een cadrul <a href=\"https:\/\/www.mediafax.ro\/externe\/vladimir-putin-sustine-conferinta-anuala-de-presa-la-moscova-putin-ii-numeste-pe-liderii-europeni-hoti-presedintele-rusiei-critica-din-nou-extinderea-nato-si-propune-un-n-23661001\" target=\"_blank\" rel=\"noopener\">conferin\u021bei-maraton de la Moscova<\/a>. \u00cen aceast\u0103 conferin\u021b\u0103, Vladimir Putin a comparat liderii europeni cu \u201eho\u021bii\u201d pentru \u00eencerc\u0103rile lor de a utiliza activele ruse\u0219ti \u00eenghe\u021bate \u0219i a criticat extinderea NATO, propun\u00e2nd <a href=\"https:\/\/www.mediafax.ro\/externe\/putin-critica-din-nou-extinderea-nato-si-propune-un-nou-sistem-de-securitate-european-cu-participarea-sua-a-europei-de-est-si-a-rusiei-23661096\" target=\"_blank\" rel=\"noopener\">un nou sistem de securitate european<\/a>.<\/p>\n<p>GigaChat, un chatbot lansat \u00een 2023 de Sberbank ca reac\u021bie la modelul ChatGPT, a fost men\u021bionat de <a href=\"https:\/\/www.reuters.com\/technology\/russias-sberbank-releases-chatgpt-rival-gigachat-2023-04-24\/\" target=\"_blank\" rel=\"noopener\">Reuters<\/a> ca parte a eforturilor de a integra inteligen\u021ba artificial\u0103 \u00een comunicarea oficial\u0103.<\/p>\n<p>Un studiu realizat de Universitatea Ghent din Belgia a ar\u0103tat c\u0103 GigaChat, al\u0103turi de alte sisteme lingvistice similare din Rusia, a avut cele mai ridicate niveluri de cenzur\u0103 politic\u0103 printre cele 14 modele de inteligen\u021b\u0103 artificial\u0103 analizate la nivel global. Conform acestui studiu, <a href=\"https:\/\/www.mediafax.ro\/externe\/de-ce-este-putin-un-om-de-moda-veche-obsedat-de-inteligenta-artificiala-23645726\" target=\"_blank\" rel=\"noopener\">modelele ruse\u0219ti<\/a> evitau s\u0103 r\u0103spund\u0103 la \u00eentreb\u0103ri sensibile din punct de vedere politic, suger\u00e2nd utilizatorilor s\u0103 consulte alte surse sau afirm\u00e2nd c\u0103 anumite subiecte nu pot fi discutate.<\/p>\n","protected":false},"excerpt":{"rendered":"<p>\u00centr-un interviu recent oferit agen\u021biei de \u0219tiri TASS, un oficial a fost \u00eentrebat despre utilizarea inteligen\u021bei artificiale \u00een cadrul biroului de pres\u0103 al Pre\u0219edin\u021biei. R\u0103spunsul s\u0103u a fost clar: \u201eBine\u00een\u021beles, c\u0103 da\u201d. Acesta a continuat s\u0103 explice c\u0103 exist\u0103 o reticen\u021b\u0103 \u00een r\u00e2ndul unor persoane fa\u021b\u0103 de inteligen\u021ba artificial\u0103, subliniind c\u0103 natura uman\u0103 tinde s\u0103 [&hellip;]<\/p>\n","protected":false},"author":2,"featured_media":2807,"comment_status":"open","ping_status":"open","sticky":false,"template":"","format":"standard","meta":{"jnews-multi-image_gallery":[],"jnews_single_post":[],"jnews_primary_category":[],"jnews_override_counter":[],"footnotes":""},"categories":[41],"tags":[4770,4769,4766,4771,4767,394,4768,1234],"class_list":["post-2806","post","type-post","status-publish","format-standard","has-post-thumbnail","hentry","category-externe","tag-atitudini","tag-automobile","tag-birou-de-presa","tag-gigachat","tag-inovatii","tag-inteligenta-artificiala","tag-reticenta","tag-tehnologie"],"_links":{"self":[{"href":"https:\/\/www.newsrecorder.ro\/app\/wp-json\/wp\/v2\/posts\/2806","targetHints":{"allow":["GET"]}}],"collection":[{"href":"https:\/\/www.newsrecorder.ro\/app\/wp-json\/wp\/v2\/posts"}],"about":[{"href":"https:\/\/www.newsrecorder.ro\/app\/wp-json\/wp\/v2\/types\/post"}],"author":[{"embeddable":true,"href":"https:\/\/www.newsrecorder.ro\/app\/wp-json\/wp\/v2\/users\/2"}],"replies":[{"embeddable":true,"href":"https:\/\/www.newsrecorder.ro\/app\/wp-json\/wp\/v2\/comments?post=2806"}],"version-history":[{"count":0,"href":"https:\/\/www.newsrecorder.ro\/app\/wp-json\/wp\/v2\/posts\/2806\/revisions"}],"wp:featuredmedia":[{"embeddable":true,"href":"https:\/\/www.newsrecorder.ro\/app\/wp-json\/wp\/v2\/media\/2807"}],"wp:attachment":[{"href":"https:\/\/www.newsrecorder.ro\/app\/wp-json\/wp\/v2\/media?parent=2806"}],"wp:term":[{"taxonomy":"category","embeddable":true,"href":"https:\/\/www.newsrecorder.ro\/app\/wp-json\/wp\/v2\/categories?post=2806"},{"taxonomy":"post_tag","embeddable":true,"href":"https:\/\/www.newsrecorder.ro\/app\/wp-json\/wp\/v2\/tags?post=2806"}],"curies":[{"name":"wp","href":"https:\/\/api.w.org\/{rel}","templated":true}]}}