{"id":2814,"date":"2026-02-13T09:44:07","date_gmt":"2026-02-13T09:44:07","guid":{"rendered":"https:\/\/www.newsrecorder.ro\/app\/2026\/02\/13\/criza-politica-si-economica-ameninta-piata-auto-din-romania-cu-o-scadere-de-17\/"},"modified":"2026-02-13T09:44:07","modified_gmt":"2026-02-13T09:44:07","slug":"criza-politica-si-economica-ameninta-piata-auto-din-romania-cu-o-scadere-de-17","status":"publish","type":"post","link":"https:\/\/www.newsrecorder.ro\/app\/2026\/02\/13\/criza-politica-si-economica-ameninta-piata-auto-din-romania-cu-o-scadere-de-17\/","title":{"rendered":"Criza politic\u0103 \u0219i economic\u0103 amenin\u021b\u0103 pia\u021ba auto din Rom\u00e2nia cu o sc\u0103dere de 1,7%"},"content":{"rendered":"<p>Prognoza APIA pentru anul 2026 eviden\u021biaz\u0103 efectele turbulen\u021belor economice \u0219i politice asupra pie\u021bei auto, anticip\u00e2nd o sc\u0103dere dup\u0103 mai mul\u021bi ani de cre\u0219tere continu\u0103. Dan Vardie, pre\u0219edintele APIA, a subliniat c\u0103, de\u0219i volumul v\u00e2nz\u0103rilor se va tempera, se va observa o accelerare semnificativ\u0103 a electrific\u0103rii, cu autoturismele hibride av\u00e2nd un rol dominant \u00een acest proces. &#8222;Evolu\u021bia acestui sector va depinde \u00een mod crucial de coeren\u021ba \u0219i predictibilitatea m\u0103surilor publice din acest an, care pot sprijini sau, dimpotriv\u0103, fr\u00e2na tranzi\u021bia spre o mobilitate sustenabil\u0103 \u0219i sigur\u0103&#8221;, a declarat Vardie.<\/p>\n<p>\u00cen ceea ce prive\u0219te autovehiculele electrificate, prognoza arat\u0103 c\u0103 pia\u021ba general\u0103 a autovehiculelor noi \u00eenmatriculate nu va mai \u00eenregistra cre\u0219teri, contrar tendin\u021belor din ultimii patru ani. Se estimeaz\u0103 o sc\u0103dere de 1,7%, cu un total de 179.500 de unit\u0103\u021bi v\u00e2ndute. Speciali\u0219tii prev\u0103d diminu\u0103ri pe toate cele trei categorii: autoturisme (-1,8%), LCV+Minibus (-0,35%) \u0219i HCV+Bus (-1,1%).<\/p>\n<p>Pe de alt\u0103 parte, segmentul vehiculelor \u201eelectrificate\u201d va beneficia de o cre\u0219tere semnificativ\u0103, estimat\u0103 la 27,9%, similar\u0103 cu ritmul de cre\u0219tere din 2025. Aceast\u0103 tendin\u021b\u0103 se aliniaz\u0103 cu interesul crescut pentru solu\u021biile de mobilitate ecologic\u0103.<\/p>\n<p>\u00cen ceea ce prive\u0219te motoriz\u0103rile clasice, APIA preconizeaz\u0103 sc\u0103deri semnificative. Ma\u0219inile pe benzin\u0103 vor \u00eenregistra o sc\u0103dere de 38,4% comparativ cu 2025, reprezent\u00e2nd doar 23,1% din totalul \u00eenmatricul\u0103rilor, \u00een timp ce vehiculele echipate cu motoare diesel vor avea un declin de 39%, ajung\u00e2nd la o cot\u0103 de pia\u021b\u0103 de doar 4,9%.<\/p>\n<p>\u00cen contrast, autoturismele electrificate, incluz\u00e2nd at\u00e2t cele complet electrice, c\u00e2t \u0219i hibride, vor atinge \u00een 2026 o cot\u0103 de 72% din pia\u021b\u0103. Totu\u0219i, autoturismele 100% electrice nu vor recupera pierderile din 2024 \u0219i 2025, afectate de reducerea subven\u021biilor prin programul Rabla Auto, \u00eenregistr\u00e2nd o cre\u0219tere modest\u0103 de 7,6%. Exper\u021bii estimeaz\u0103 c\u0103 full hibridele vor r\u0103m\u00e2ne cele mai populare, av\u00e2nd o cot\u0103 de aproape 38,9% din segmentul \u201eelectrificat\u201d \u0219i 28% din totalul autoturismelor.<\/p>\n<p>Prognoza pentru 2026 arat\u0103 o tendin\u021b\u0103 de sc\u0103dere pentru majoritatea segmentelor de autoturisme, excep\u021biile fiind \u00eenregistrate la clasa E, cu o stagnare de 0,1%, \u0219i la SUV-uri, care vor cre\u0219te cu 2,7% fa\u021b\u0103 de anul anterior. Analiz\u00e2nd \u00eenmatricul\u0103rile autoturismelor cu trac\u021biune integral\u0103 (4\u00d74) din ultimii \u0219apte ani, se estimeaz\u0103 c\u0103 aceast\u0103 categorie va avea \u00een 2026 o cot\u0103 de pia\u021b\u0103 de aproximativ 19%, reprezent\u00e2nd o sc\u0103dere de 12,6% comparativ cu anul precedent.<\/p>\n<p>\u00cen privin\u021ba autovehiculelor comerciale u\u0219oare \u0219i minibuse, se preconizeaz\u0103 o stagnare de -0,3% \u00een 2026, cu o cot\u0103 de pia\u021b\u0103 de aproximativ 9,8%, similar\u0103 cu cea din 2025 (9,6%). \u00cen ceea ce prive\u0219te vehiculele comerciale grele \u0219i autobuzele, se estimeaz\u0103 o mic\u0103 sc\u0103dere de 1,1% fa\u021b\u0103 de anul 2025, de\u0219i segmentul \u201eelectrificatelor\u201d HCV+Bus va \u00eenregistra o cre\u0219tere de 13,6% \u00een acest an.<\/p>\n","protected":false},"excerpt":{"rendered":"<p>Prognoza APIA pentru anul 2026 eviden\u021biaz\u0103 efectele turbulen\u021belor economice \u0219i politice asupra pie\u021bei auto, anticip\u00e2nd o sc\u0103dere dup\u0103 mai mul\u021bi ani de cre\u0219tere continu\u0103. Dan Vardie, pre\u0219edintele APIA, a subliniat c\u0103, de\u0219i volumul v\u00e2nz\u0103rilor se va tempera, se va observa o accelerare semnificativ\u0103 a electrific\u0103rii, cu autoturismele hibride av\u00e2nd un rol dominant \u00een acest proces. [&hellip;]<\/p>\n","protected":false},"author":4,"featured_media":2815,"comment_status":"open","ping_status":"open","sticky":false,"template":"","format":"standard","meta":{"jnews-multi-image_gallery":[],"jnews_single_post":[],"jnews_primary_category":[],"jnews_override_counter":[],"footnotes":""},"categories":[40],"tags":[4783,4785,4782,4784,4781,132,4786],"class_list":["post-2814","post","type-post","status-publish","format-standard","has-post-thumbnail","hentry","category-econonie","tag-autoturisme-hibride","tag-dan-vardie","tag-electrificare","tag-mobilitate-sustenabila","tag-piata-auto","tag-prognoza","tag-vanzari-auto"],"_links":{"self":[{"href":"https:\/\/www.newsrecorder.ro\/app\/wp-json\/wp\/v2\/posts\/2814","targetHints":{"allow":["GET"]}}],"collection":[{"href":"https:\/\/www.newsrecorder.ro\/app\/wp-json\/wp\/v2\/posts"}],"about":[{"href":"https:\/\/www.newsrecorder.ro\/app\/wp-json\/wp\/v2\/types\/post"}],"author":[{"embeddable":true,"href":"https:\/\/www.newsrecorder.ro\/app\/wp-json\/wp\/v2\/users\/4"}],"replies":[{"embeddable":true,"href":"https:\/\/www.newsrecorder.ro\/app\/wp-json\/wp\/v2\/comments?post=2814"}],"version-history":[{"count":0,"href":"https:\/\/www.newsrecorder.ro\/app\/wp-json\/wp\/v2\/posts\/2814\/revisions"}],"wp:featuredmedia":[{"embeddable":true,"href":"https:\/\/www.newsrecorder.ro\/app\/wp-json\/wp\/v2\/media\/2815"}],"wp:attachment":[{"href":"https:\/\/www.newsrecorder.ro\/app\/wp-json\/wp\/v2\/media?parent=2814"}],"wp:term":[{"taxonomy":"category","embeddable":true,"href":"https:\/\/www.newsrecorder.ro\/app\/wp-json\/wp\/v2\/categories?post=2814"},{"taxonomy":"post_tag","embeddable":true,"href":"https:\/\/www.newsrecorder.ro\/app\/wp-json\/wp\/v2\/tags?post=2814"}],"curies":[{"name":"wp","href":"https:\/\/api.w.org\/{rel}","templated":true}]}}