{"id":2828,"date":"2026-02-13T10:12:30","date_gmt":"2026-02-13T10:12:30","guid":{"rendered":"https:\/\/www.newsrecorder.ro\/app\/2026\/02\/13\/negocieri-de-pace-pentru-ucraina-kremlinul-anunta-intalnirea-saptamana-viitoare\/"},"modified":"2026-02-13T10:12:30","modified_gmt":"2026-02-13T10:12:30","slug":"negocieri-de-pace-pentru-ucraina-kremlinul-anunta-intalnirea-saptamana-viitoare","status":"publish","type":"post","link":"https:\/\/www.newsrecorder.ro\/app\/2026\/02\/13\/negocieri-de-pace-pentru-ucraina-kremlinul-anunta-intalnirea-saptamana-viitoare\/","title":{"rendered":"Negocieri de pace pentru Ucraina: Kremlinul anun\u021b\u0103 \u00eent\u00e2lnirea s\u0103pt\u0103m\u00e2na viitoare"},"content":{"rendered":"<p>Trei surse apropiate de acest subiect au informat pentru <a href=\"https:\/\/www.reuters.com\/world\/kremlin-says-next-round-peace-talks-ukraine-is-set-next-week-2026-02-13\/\" target=\"_blank\" rel=\"noopener\">Reuters<\/a> c\u0103 oficialii din Statele Unite au ini\u021biat propunerea de a organiza o \u00eent\u00e2lnire trilateral\u0103 luni \u0219i mar\u021bi, \u00een Miami.<\/p>\n<p>Negocierile anterioare s-au desf\u0103\u0219urat la Abu Dhabi, un context care a facilitat discu\u021bii \u00eentre p\u0103r\u021bile implicate.<\/p>\n<p>Dmitri Peskov, purt\u0103torul de cuv\u00e2nt al Kremlinului, a confirmat c\u0103 Moscova \u0219i Washingtonul au purtat discu\u021bii referitoare la cooperarea bilateral\u0103 \u00een domeniile comercial \u0219i economic.<\/p>\n<p>\u00cen cadrul declara\u021biilor sale, Peskov a subliniat c\u0103 Moscova sper\u0103 ca dialogul s\u0103 continue, totu\u0219i a men\u021bionat c\u0103 este pu\u021bin probabil ca aceste discu\u021bii s\u0103 avanseze dincolo de stadiul actual de negocieri, cel pu\u021bin p\u00e2n\u0103 la rezolvarea conflictului din Ucraina.<\/p>\n","protected":false},"excerpt":{"rendered":"<p>Trei surse apropiate de acest subiect au informat pentru Reuters c\u0103 oficialii din Statele Unite au ini\u021biat propunerea de a organiza o \u00eent\u00e2lnire trilateral\u0103 luni \u0219i mar\u021bi, \u00een Miami. Negocierile anterioare s-au desf\u0103\u0219urat la Abu Dhabi, un context care a facilitat discu\u021bii \u00eentre p\u0103r\u021bile implicate. Dmitri Peskov, purt\u0103torul de cuv\u00e2nt al Kremlinului, a confirmat c\u0103 [&hellip;]<\/p>\n","protected":false},"author":2,"featured_media":2829,"comment_status":"open","ping_status":"open","sticky":false,"template":"","format":"standard","meta":{"jnews-multi-image_gallery":[],"jnews_single_post":[],"jnews_primary_category":[],"jnews_override_counter":[],"footnotes":""},"categories":[39],"tags":[802,4812,4813,4811,1034,686,680,2065],"class_list":["post-2828","post","type-post","status-publish","format-standard","has-post-thumbnail","hentry","category-stirile-zilei","tag-conflict-ucraina","tag-cooperare-bilaterala","tag-dmitri-peskov","tag-intalnire-trilaterala","tag-moscova","tag-negocieri","tag-statele-unite","tag-washington"],"_links":{"self":[{"href":"https:\/\/www.newsrecorder.ro\/app\/wp-json\/wp\/v2\/posts\/2828","targetHints":{"allow":["GET"]}}],"collection":[{"href":"https:\/\/www.newsrecorder.ro\/app\/wp-json\/wp\/v2\/posts"}],"about":[{"href":"https:\/\/www.newsrecorder.ro\/app\/wp-json\/wp\/v2\/types\/post"}],"author":[{"embeddable":true,"href":"https:\/\/www.newsrecorder.ro\/app\/wp-json\/wp\/v2\/users\/2"}],"replies":[{"embeddable":true,"href":"https:\/\/www.newsrecorder.ro\/app\/wp-json\/wp\/v2\/comments?post=2828"}],"version-history":[{"count":0,"href":"https:\/\/www.newsrecorder.ro\/app\/wp-json\/wp\/v2\/posts\/2828\/revisions"}],"wp:featuredmedia":[{"embeddable":true,"href":"https:\/\/www.newsrecorder.ro\/app\/wp-json\/wp\/v2\/media\/2829"}],"wp:attachment":[{"href":"https:\/\/www.newsrecorder.ro\/app\/wp-json\/wp\/v2\/media?parent=2828"}],"wp:term":[{"taxonomy":"category","embeddable":true,"href":"https:\/\/www.newsrecorder.ro\/app\/wp-json\/wp\/v2\/categories?post=2828"},{"taxonomy":"post_tag","embeddable":true,"href":"https:\/\/www.newsrecorder.ro\/app\/wp-json\/wp\/v2\/tags?post=2828"}],"curies":[{"name":"wp","href":"https:\/\/api.w.org\/{rel}","templated":true}]}}