{"id":2840,"date":"2026-02-13T10:14:16","date_gmt":"2026-02-13T10:14:16","guid":{"rendered":"https:\/\/www.newsrecorder.ro\/app\/2026\/02\/13\/tragedie-la-bacau-barbat-accidentat-mortal-de-tren-la-gara-cu-bicicleta\/"},"modified":"2026-02-13T10:14:16","modified_gmt":"2026-02-13T10:14:16","slug":"tragedie-la-bacau-barbat-accidentat-mortal-de-tren-la-gara-cu-bicicleta","status":"publish","type":"post","link":"https:\/\/www.newsrecorder.ro\/app\/2026\/02\/13\/tragedie-la-bacau-barbat-accidentat-mortal-de-tren-la-gara-cu-bicicleta\/","title":{"rendered":"Tragedie la Bac\u0103u: B\u0103rbat accidentat mortal de tren la gar\u0103 cu bicicleta"},"content":{"rendered":"<p>\u00cen diminea\u021ba zilei, \u00een jurul orei 9:50, un incident grav a avut loc \u00een gara CFR din ora\u0219ul Roznov. Un b\u0103rbat aflat la gar\u0103 cu bicicleta a fost lovit de un tren care se \u00eendrepta spre Bac\u0103u. Alertarea autorit\u0103\u021bilor s-a realizat printr-un apel la serviciul de urgen\u021b\u0103 112.<\/p>\n<p>La fa\u021ba locului au fost trimise echipe de interven\u021bie din cadrul punctului de lucru din Roznov, care au inclus o autospecial\u0103 de stingere dotat\u0103 cu module pentru descarcerare \u0219i prim ajutor, precum \u0219i o ambulan\u021b\u0103 SMURD, al\u0103turi de poli\u021bi\u0219tii de la IPJ.<\/p>\n<p><em>\u201eC\u00e2nd pompierii au ajuns la locul incidentului, au constatat c\u0103 un b\u0103rbat \u00een v\u00e2rst\u0103 de aproximativ 55 de ani fusese lovit de tren. Acesta a suferit traumatisme la nivelul unui membru superior \u0219i a fost preluat de echipajul SMURD pentru a fi transportat la spital,\u201d<\/em> a declarat ISU Neam\u021b.<\/p>\n<p>Reprezentan\u021bii ISU au ad\u0103ugat c\u0103 niciunul dintre pasagerii afla\u021bi \u00een tren nu a avut nevoie de \u00eengrijiri medicale.<\/p>\n<p>\u00cen plus, echipajele de interven\u021bie au scos bicicleta b\u0103rbatului de sub ro\u021bile locomotivei, asigur\u00e2nd astfel zona de pericole suplimentare.<\/p>\n","protected":false},"excerpt":{"rendered":"<p>\u00cen diminea\u021ba zilei, \u00een jurul orei 9:50, un incident grav a avut loc \u00een gara CFR din ora\u0219ul Roznov. Un b\u0103rbat aflat la gar\u0103 cu bicicleta a fost lovit de un tren care se \u00eendrepta spre Bac\u0103u. Alertarea autorit\u0103\u021bilor s-a realizat printr-un apel la serviciul de urgen\u021b\u0103 112. La fa\u021ba locului au fost trimise echipe [&hellip;]<\/p>\n","protected":false},"author":2,"featured_media":2841,"comment_status":"open","ping_status":"open","sticky":false,"template":"","format":"standard","meta":{"jnews-multi-image_gallery":[],"jnews_single_post":[],"jnews_primary_category":[],"jnews_override_counter":[],"footnotes":""},"categories":[39],"tags":[4837,4838,2437,505,4840,4841,4839,4842],"class_list":["post-2840","post","type-post","status-publish","format-standard","has-post-thumbnail","hentry","category-stirile-zilei","tag-gara-cfr","tag-incident-grav","tag-interventie","tag-politie","tag-roznov","tag-smurd","tag-tren","tag-urgenta"],"_links":{"self":[{"href":"https:\/\/www.newsrecorder.ro\/app\/wp-json\/wp\/v2\/posts\/2840","targetHints":{"allow":["GET"]}}],"collection":[{"href":"https:\/\/www.newsrecorder.ro\/app\/wp-json\/wp\/v2\/posts"}],"about":[{"href":"https:\/\/www.newsrecorder.ro\/app\/wp-json\/wp\/v2\/types\/post"}],"author":[{"embeddable":true,"href":"https:\/\/www.newsrecorder.ro\/app\/wp-json\/wp\/v2\/users\/2"}],"replies":[{"embeddable":true,"href":"https:\/\/www.newsrecorder.ro\/app\/wp-json\/wp\/v2\/comments?post=2840"}],"version-history":[{"count":0,"href":"https:\/\/www.newsrecorder.ro\/app\/wp-json\/wp\/v2\/posts\/2840\/revisions"}],"wp:featuredmedia":[{"embeddable":true,"href":"https:\/\/www.newsrecorder.ro\/app\/wp-json\/wp\/v2\/media\/2841"}],"wp:attachment":[{"href":"https:\/\/www.newsrecorder.ro\/app\/wp-json\/wp\/v2\/media?parent=2840"}],"wp:term":[{"taxonomy":"category","embeddable":true,"href":"https:\/\/www.newsrecorder.ro\/app\/wp-json\/wp\/v2\/categories?post=2840"},{"taxonomy":"post_tag","embeddable":true,"href":"https:\/\/www.newsrecorder.ro\/app\/wp-json\/wp\/v2\/tags?post=2840"}],"curies":[{"name":"wp","href":"https:\/\/api.w.org\/{rel}","templated":true}]}}