{"id":2846,"date":"2026-02-13T20:47:28","date_gmt":"2026-02-13T20:47:28","guid":{"rendered":"https:\/\/www.newsrecorder.ro\/app\/2026\/02\/13\/poiana-brasov-2027-transformare-din-statiune-turistica-in-sat-olimpic\/"},"modified":"2026-02-13T20:47:28","modified_gmt":"2026-02-13T20:47:28","slug":"poiana-brasov-2027-transformare-din-statiune-turistica-in-sat-olimpic","status":"publish","type":"post","link":"https:\/\/www.newsrecorder.ro\/app\/2026\/02\/13\/poiana-brasov-2027-transformare-din-statiune-turistica-in-sat-olimpic\/","title":{"rendered":"Poiana Bra\u0219ov 2027: Transformare din sta\u021biune turistic\u0103 \u00een sat olimpic!"},"content":{"rendered":"<p style=\"text-align: left\">Prim\u0103ria Bra\u0219ov a anun\u021bat, joi, stadiul preg\u0103tirilor pentru Festivalul Olimpic al Tineretului European (FOTE), cu un an \u00eenainte de desf\u0103\u0219urarea acestui eveniment important. Acesta va avea loc \u00een Bra\u0219ov, ora\u0219 care va g\u0103zdui pentru a doua oar\u0103 competi\u021bia, dup\u0103 edi\u021bia din 2013, care a fost considerat\u0103 una dintre cele mai reu\u0219ite din istoria festivalului.<\/p>\n<p style=\"text-align: left\">FOTE, organizat sub egida Comitetelor Olimpice Europene, reprezint\u0103 o oportunitate deosebit\u0103 pentru tinerii sportivi, mul\u021bi dintre ei av\u00e2nd \u0219ansa de a deveni medalia\u021bi olimpici \u00een viitor.<\/p>\n<p style=\"text-align: left\">\u00cen ciuda progreselor, primarul George Scripcaru a exprimat \u00eengrijor\u0103ri legate de \u00eent\u00e2rzierile \u00een adoptarea bugetului na\u021bional, care ar putea afecta finan\u021barea necesar\u0103 pentru lucr\u0103rile de preg\u0103tire. \u201eSuntem bine preg\u0103ti\u021bi cu un an \u00eenainte de FOTE, dar \u00eent\u00e2rzierile \u00een buget ne \u00eengrijoreaz\u0103. P\u00e2n\u0103 nu avem siguran\u021ba aloc\u0103rilor, nu putem fi complet lini\u0219ti\u021bi. Am mai tr\u0103it o astfel de situa\u021bie la FOTE 2013 \u0219i nu ne dorim s\u0103 ne repet\u0103m experien\u021ba\u201d, a declarat primarul.<\/p>\n<p style=\"text-align: left\">Scripcaru a subliniat importan\u021ba sprijinului guvernamental, afirm\u00e2nd c\u0103 organizarea unui eveniment de aceast\u0103 amploare implic\u0103 proceduri complexe \u0219i investi\u021bii semnificative \u00een infrastructura sportiv\u0103. \u201eRom\u00e2nia nu are voie s\u0103 se fac\u0103 de r\u00e2s. Membrii comitetului de organizare sunt preg\u0103ti\u021bi, dar ar fi de mare ajutor dac\u0103 Guvernul ar ac\u021biona mai repede\u201d, a ad\u0103ugat acesta.<\/p>\n<p style=\"text-align: left\">Se estimeaz\u0103 c\u0103 necesarul pentru modernizarea bazelor sportive \u0219i organizarea competi\u021biei va ajunge la aproximativ 20 de milioane de euro din bugetul de stat. \u00centre timp, autorit\u0103\u021bile locale \u0219i partenerii priva\u021bi au demarat deja investi\u021bii, municipalitatea aloc\u00e2nd peste 11 milioane de lei pentru modernizarea patinoarului, inclusiv achizi\u021bia unui nou sistem de r\u0103cire \u0219i utilaje pentru \u00eentre\u021binerea p\u00e2rtiilor de schi.<\/p>\n<p style=\"text-align: left\">Primarul a avertizat c\u0103, \u00een cazul \u00een care fondurile nu sunt disponibile, organizatorii ar putea solicita o \u00eent\u00e2lnire urgent\u0103 cu prim-ministrul. \u201eDac\u0103 lucrurile nu se \u00eembun\u0103t\u0103\u021besc, va trebui s\u0103 cerem o \u00eent\u00e2lnire imediat\u0103. Este un eveniment de interes interna\u021bional \u0219i sunt necesare m\u0103suri urgente pentru a asigura condi\u021biile necesare\u201d, a spus Scripcaru.<\/p>\n<p style=\"text-align: left\">Participarea a 48 de \u021b\u0103ri la FOTE 2027 subliniaz\u0103 interesul ridicat pentru competi\u021bia ce reune\u0219te aproximativ 1.600 de sportivi, antrenori \u0219i oficiali din toat\u0103 Europa. Pre\u0219edintele Comitetului Olimpic \u0219i Sportiv Rom\u00e2n, Mihai Covaliu, a remarcat c\u0103 investi\u021biile realizate vor beneficia comunitatea local\u0103 \u0219i dup\u0103 finalizarea competi\u021biei. \u201eMo\u0219tenirea va r\u0103m\u00e2ne aici \u0219i va \u00eembun\u0103t\u0103\u021bi infrastructura pentru copii \u0219i locuitorii zonei\u201d, a afirmat Covaliu.<\/p>\n<p style=\"text-align: left\">Competi\u021biile vor avea loc \u00een diverse localit\u0103\u021bi din zona Bra\u0219ovului, cu hocheiul pe ghea\u021b\u0103 la patinoarul olimpic din Bra\u0219ov, schiul alpin \u00een Poiana Bra\u0219ov, iar biatlonul \u0219i patinajul la Cheile Gr\u0103di\u0219tei. Alte probe, precum schiul fond \u0219i s\u0103riturile cu schiurile, vor fi organizate la Predeal \u0219i R\u00e2\u0219nov, iar satul olimpic va fi amenajat \u00een Poiana Bra\u0219ov pentru cazarea sportivilor \u0219i delega\u021biilor.<\/p>\n<p style=\"text-align: left\">Agen\u021bia Na\u021bional\u0103 pentru Sport, prin pre\u0219edintele Constantin Bogdan Matei, lucreaz\u0103 la cadrul legal necesar pentru desf\u0103\u0219urarea competi\u021biei. \u201eEste esen\u021bial s\u0103 asigur\u0103m un cadru legislativ \u0219i financiar solid pentru a garanta succesul acestei competi\u021bii de amploare\u201d, a men\u021bionat acesta.<\/p>\n<p style=\"text-align: left\">FOTE este un eveniment multisport dedicat tinerilor, desf\u0103\u0219urat o dat\u0103 la doi ani, cu edi\u021bii de iarn\u0103 \u0219i var\u0103. De-a lungul timpului, a fost o ramp\u0103 de lansare pentru sportivi care au ajuns pe podiumurile olimpice. Pentru edi\u021bia din 2027, au fost create \u0219i trei mascote oficiale, inspirate din fauna montan\u0103 local\u0103: \u201eBra\u0219i\u201d, ursul schior, \u201eVivi\u201d, veveri\u021ba patinatoare, \u0219i \u201eCerbonzio\u201d, cerbul hocheist, simboliz\u00e2nd probele sportive \u0219i identitatea Bra\u0219ovului.<\/p>\n","protected":false},"excerpt":{"rendered":"<p>Prim\u0103ria Bra\u0219ov a anun\u021bat, joi, stadiul preg\u0103tirilor pentru Festivalul Olimpic al Tineretului European (FOTE), cu un an \u00eenainte de desf\u0103\u0219urarea acestui eveniment important. Acesta va avea loc \u00een Bra\u0219ov, ora\u0219 care va g\u0103zdui pentru a doua oar\u0103 competi\u021bia, dup\u0103 edi\u021bia din 2013, care a fost considerat\u0103 una dintre cele mai reu\u0219ite din istoria festivalului. FOTE, [&hellip;]<\/p>\n","protected":false},"author":6,"featured_media":2847,"comment_status":"open","ping_status":"open","sticky":false,"template":"","format":"standard","meta":{"jnews-multi-image_gallery":[],"jnews_single_post":[],"jnews_primary_category":[],"jnews_override_counter":[],"footnotes":""},"categories":[46],"tags":[2730,3270,56,4847,4535,1434,4849,4848],"class_list":["post-2846","post","type-post","status-publish","format-standard","has-post-thumbnail","hentry","category-sport","tag-brasov","tag-buget-national","tag-competitie","tag-festivalul-olimpic-al-tineretului-european","tag-fote","tag-medalii-olimpice","tag-pregatiri","tag-tineri-sportivi"],"_links":{"self":[{"href":"https:\/\/www.newsrecorder.ro\/app\/wp-json\/wp\/v2\/posts\/2846","targetHints":{"allow":["GET"]}}],"collection":[{"href":"https:\/\/www.newsrecorder.ro\/app\/wp-json\/wp\/v2\/posts"}],"about":[{"href":"https:\/\/www.newsrecorder.ro\/app\/wp-json\/wp\/v2\/types\/post"}],"author":[{"embeddable":true,"href":"https:\/\/www.newsrecorder.ro\/app\/wp-json\/wp\/v2\/users\/6"}],"replies":[{"embeddable":true,"href":"https:\/\/www.newsrecorder.ro\/app\/wp-json\/wp\/v2\/comments?post=2846"}],"version-history":[{"count":0,"href":"https:\/\/www.newsrecorder.ro\/app\/wp-json\/wp\/v2\/posts\/2846\/revisions"}],"wp:featuredmedia":[{"embeddable":true,"href":"https:\/\/www.newsrecorder.ro\/app\/wp-json\/wp\/v2\/media\/2847"}],"wp:attachment":[{"href":"https:\/\/www.newsrecorder.ro\/app\/wp-json\/wp\/v2\/media?parent=2846"}],"wp:term":[{"taxonomy":"category","embeddable":true,"href":"https:\/\/www.newsrecorder.ro\/app\/wp-json\/wp\/v2\/categories?post=2846"},{"taxonomy":"post_tag","embeddable":true,"href":"https:\/\/www.newsrecorder.ro\/app\/wp-json\/wp\/v2\/tags?post=2846"}],"curies":[{"name":"wp","href":"https:\/\/api.w.org\/{rel}","templated":true}]}}