{"id":2848,"date":"2026-02-13T20:47:43","date_gmt":"2026-02-13T20:47:43","guid":{"rendered":"https:\/\/www.newsrecorder.ro\/app\/2026\/02\/13\/iarna-surpriza-la-inceputul-saptamanii-ninsori-in-toata-tara\/"},"modified":"2026-02-13T20:47:43","modified_gmt":"2026-02-13T20:47:43","slug":"iarna-surpriza-la-inceputul-saptamanii-ninsori-in-toata-tara","status":"publish","type":"post","link":"https:\/\/www.newsrecorder.ro\/app\/2026\/02\/13\/iarna-surpriza-la-inceputul-saptamanii-ninsori-in-toata-tara\/","title":{"rendered":"Iarn\u0103 surpriz\u0103 la \u00eenceputul s\u0103pt\u0103m\u00e2nii: ninsori \u00een toat\u0103 \u021bara!"},"content":{"rendered":"<p>Conform unei analize recente a modelului ECMWF, disponibil\u0103 pe platforma WXCharts \u0219i consultat\u0103 de Mediafax, exist\u0103 posibilitatea unui episod de vreme iernatic\u0103 \u00een prima parte a s\u0103pt\u0103m\u00e2nii viitoare. Aceasta ar putea aduce o r\u0103cire semnificativ\u0103 a vremii, cu precipita\u021bii ce ar putea s\u0103 se transforme \u00een ninsoare pe arii extinse, inclusiv \u00een zona Capitalei.<\/p>\n<p>Scenariul studiat sugereaz\u0103 c\u0103 \u00een perioada 14-15 februarie, precipita\u021biile vor fi mai active \u00een regiunile vestice \u0219i sud-vestice ale \u021b\u0103rii, \u00een special \u00een Oltenia \u0219i Banat, precum \u0219i \u00een zonele montane, unde ninsorile sunt a\u0219teptate.<\/p>\n<p>\u00cencep\u00e2nd cu luni, 16 februarie, se preconizeaz\u0103 o p\u0103trundere a unei mase de aer rece, ceea ce va determina extinderea precipita\u021biilor c\u0103tre centrul \u0219i sudul \u021b\u0103rii. Conform proiec\u021biilor actuale, luni seara \u0219i mar\u021bi (16-17 februarie) se contureaz\u0103 un interval cu o probabilitate ridicat\u0103 de ninsoare \u00een sud \u0219i est, av\u00e2nd un impact posibil \u0219i asupra Bucure\u0219tiului \u0219i Moldovei.<\/p>\n<p>Pentru ziua de miercuri, 18 februarie, prognoza indic\u0103 o tendin\u021b\u0103 de restr\u00e2ngere a precipita\u021biilor c\u0103tre est \u0219i nord-est, cu un accent mai pronun\u021bat pe Dobrogea. \u00cen data de 19 februarie, se estimeaz\u0103 o diminuare a activit\u0103\u021bii precipita\u021biilor \u00een majoritatea regiunilor.<\/p>\n<p>Un alt model consultat de Mediafax sugereaz\u0103 c\u0103 \u00een zona Bucure\u0219tiului ar putea s\u0103 se formeze un strat de z\u0103pad\u0103 de peste 10 cm, cu depuneri semnificative a\u0219teptate pe arii extinse \u00een partea de sud \u0219i est a \u021b\u0103rii.<\/p>\n<p>Meteorologii atrag aten\u021bia asupra faptului c\u0103 aceste <strong>rul\u0103ri reprezint\u0103 scenarii de model care pot suferi modific\u0103ri de la o actualizare la alta<\/strong>, iar detaliile referitoare la aria exact\u0103, intensitatea \u0219i durata ninsorilor se vor stabiliza pe m\u0103sur\u0103 ce perioada se apropie.<\/p>\n","protected":false},"excerpt":{"rendered":"<p>Conform unei analize recente a modelului ECMWF, disponibil\u0103 pe platforma WXCharts \u0219i consultat\u0103 de Mediafax, exist\u0103 posibilitatea unui episod de vreme iernatic\u0103 \u00een prima parte a s\u0103pt\u0103m\u00e2nii viitoare. Aceasta ar putea aduce o r\u0103cire semnificativ\u0103 a vremii, cu precipita\u021bii ce ar putea s\u0103 se transforme \u00een ninsoare pe arii extinse, inclusiv \u00een zona Capitalei. Scenariul [&hellip;]<\/p>\n","protected":false},"author":5,"featured_media":2849,"comment_status":"open","ping_status":"open","sticky":false,"template":"","format":"standard","meta":{"jnews-multi-image_gallery":[],"jnews_single_post":[],"jnews_primary_category":[],"jnews_override_counter":[],"footnotes":""},"categories":[45],"tags":[4654,4552,564,743,135,132,125,4850],"class_list":["post-2848","post","type-post","status-publish","format-standard","has-post-thumbnail","hentry","category-meteo","tag-capitol","tag-ecmwf","tag-iarna","tag-ninsoare","tag-precipitatii","tag-prognoza","tag-vreme","tag-wxcharts"],"_links":{"self":[{"href":"https:\/\/www.newsrecorder.ro\/app\/wp-json\/wp\/v2\/posts\/2848","targetHints":{"allow":["GET"]}}],"collection":[{"href":"https:\/\/www.newsrecorder.ro\/app\/wp-json\/wp\/v2\/posts"}],"about":[{"href":"https:\/\/www.newsrecorder.ro\/app\/wp-json\/wp\/v2\/types\/post"}],"author":[{"embeddable":true,"href":"https:\/\/www.newsrecorder.ro\/app\/wp-json\/wp\/v2\/users\/5"}],"replies":[{"embeddable":true,"href":"https:\/\/www.newsrecorder.ro\/app\/wp-json\/wp\/v2\/comments?post=2848"}],"version-history":[{"count":0,"href":"https:\/\/www.newsrecorder.ro\/app\/wp-json\/wp\/v2\/posts\/2848\/revisions"}],"wp:featuredmedia":[{"embeddable":true,"href":"https:\/\/www.newsrecorder.ro\/app\/wp-json\/wp\/v2\/media\/2849"}],"wp:attachment":[{"href":"https:\/\/www.newsrecorder.ro\/app\/wp-json\/wp\/v2\/media?parent=2848"}],"wp:term":[{"taxonomy":"category","embeddable":true,"href":"https:\/\/www.newsrecorder.ro\/app\/wp-json\/wp\/v2\/categories?post=2848"},{"taxonomy":"post_tag","embeddable":true,"href":"https:\/\/www.newsrecorder.ro\/app\/wp-json\/wp\/v2\/tags?post=2848"}],"curies":[{"name":"wp","href":"https:\/\/api.w.org\/{rel}","templated":true}]}}