{"id":2854,"date":"2026-02-13T20:48:40","date_gmt":"2026-02-13T20:48:40","guid":{"rendered":"https:\/\/www.newsrecorder.ro\/app\/2026\/02\/13\/vremea-in-martie-ce-surprize-ne-asteapta-in-urmatoarele-patru-saptamani\/"},"modified":"2026-02-13T20:48:40","modified_gmt":"2026-02-13T20:48:40","slug":"vremea-in-martie-ce-surprize-ne-asteapta-in-urmatoarele-patru-saptamani","status":"publish","type":"post","link":"https:\/\/www.newsrecorder.ro\/app\/2026\/02\/13\/vremea-in-martie-ce-surprize-ne-asteapta-in-urmatoarele-patru-saptamani\/","title":{"rendered":"Vremea \u00een martie: Ce surprize ne a\u0219teapt\u0103 \u00een urm\u0103toarele patru s\u0103pt\u0103m\u00e2ni!"},"content":{"rendered":"<p>\u00cen s\u0103pt\u0103m\u00e2na cuprins\u0103 \u00eentre 9 \u0219i 16 februarie 2026, prognoza emis\u0103 de Administra\u021bia Na\u021bional\u0103 de Meteorologie (ANM) indic\u0103 temperaturi superioare celor caracteristice acestui interval pe \u00eentreg teritoriul Rom\u00e2niei. Totu\u0219i, abaterile termice pozitive vor fi mai pronun\u021bate \u00een regiunile intracarpatice. De asemenea, se a\u0219teapt\u0103 ca precipita\u021biile s\u0103 fie excedentare \u00een zonele sudice ale \u021b\u0103rii, \u00een timp ce \u00een restul regiunilor, regimul pluviometric se va men\u021bine aproape de normal.<\/p>\n<p>\u00cen s\u0103pt\u0103m\u00e2na 16-23 februarie 2026, temperaturile medii se vor alinia la valorile normale pentru aceast\u0103 perioad\u0103, acoperind \u00eentreaga \u021bar\u0103. \u00cen toate regiunile, se estimeaz\u0103 c\u0103 precipita\u021biile vor avea o tendin\u021b\u0103 u\u0219or excedentar\u0103, ceea ce ar putea aduce beneficii agriculturii \u0219i resurselor de ap\u0103.<\/p>\n<p>Ulterior, \u00eentre 23 februarie \u0219i 2 martie, se preconizeaz\u0103 c\u0103 temperaturile medii vor r\u0103m\u00e2ne \u00een continuare apropiate de valorile normale. Meteorologii men\u021bioneaz\u0103 c\u0103 regimul pluviometric va fi similar cu cel obi\u0219nuit pentru acest interval, asigur\u00e2nd un climat stabil \u00een toate regiunile \u021b\u0103rii.<\/p>\n<p>\u00cen s\u0103pt\u0103m\u00e2na 2-9 martie, se estimeaz\u0103 c\u0103 mediile temperaturilor vor fi conforme cu cele specifice acestei perioade, men\u021bin\u00e2ndu-se pe \u00eentreg teritoriul Rom\u00e2niei. \u00cen plus, cantit\u0103\u021bile de precipita\u021bii vor fi, de asemenea, apropiate de normele climatice pentru aceast\u0103 s\u0103pt\u0103m\u00e2n\u0103, ceea ce sugereaz\u0103 o continuitate a condi\u021biilor meteorologice favorabile.<\/p>\n","protected":false},"excerpt":{"rendered":"<p>\u00cen s\u0103pt\u0103m\u00e2na cuprins\u0103 \u00eentre 9 \u0219i 16 februarie 2026, prognoza emis\u0103 de Administra\u021bia Na\u021bional\u0103 de Meteorologie (ANM) indic\u0103 temperaturi superioare celor caracteristice acestui interval pe \u00eentreg teritoriul Rom\u00e2niei. Totu\u0219i, abaterile termice pozitive vor fi mai pronun\u021bate \u00een regiunile intracarpatice. De asemenea, se a\u0219teapt\u0103 ca precipita\u021biile s\u0103 fie excedentare \u00een zonele sudice ale \u021b\u0103rii, \u00een timp [&hellip;]<\/p>\n","protected":false},"author":5,"featured_media":2855,"comment_status":"open","ping_status":"open","sticky":false,"template":"","format":"standard","meta":{"jnews-multi-image_gallery":[],"jnews_single_post":[],"jnews_primary_category":[],"jnews_override_counter":[],"footnotes":""},"categories":[45],"tags":[467,150,1454,135,141,4853,149,126],"class_list":["post-2854","post","type-post","status-publish","format-standard","has-post-thumbnail","hentry","category-meteo","tag-agricultura","tag-anm","tag-februarie","tag-precipitatii","tag-prognoza-meteo","tag-resurse-de-apa","tag-romania","tag-temperaturi"],"_links":{"self":[{"href":"https:\/\/www.newsrecorder.ro\/app\/wp-json\/wp\/v2\/posts\/2854","targetHints":{"allow":["GET"]}}],"collection":[{"href":"https:\/\/www.newsrecorder.ro\/app\/wp-json\/wp\/v2\/posts"}],"about":[{"href":"https:\/\/www.newsrecorder.ro\/app\/wp-json\/wp\/v2\/types\/post"}],"author":[{"embeddable":true,"href":"https:\/\/www.newsrecorder.ro\/app\/wp-json\/wp\/v2\/users\/5"}],"replies":[{"embeddable":true,"href":"https:\/\/www.newsrecorder.ro\/app\/wp-json\/wp\/v2\/comments?post=2854"}],"version-history":[{"count":0,"href":"https:\/\/www.newsrecorder.ro\/app\/wp-json\/wp\/v2\/posts\/2854\/revisions"}],"wp:featuredmedia":[{"embeddable":true,"href":"https:\/\/www.newsrecorder.ro\/app\/wp-json\/wp\/v2\/media\/2855"}],"wp:attachment":[{"href":"https:\/\/www.newsrecorder.ro\/app\/wp-json\/wp\/v2\/media?parent=2854"}],"wp:term":[{"taxonomy":"category","embeddable":true,"href":"https:\/\/www.newsrecorder.ro\/app\/wp-json\/wp\/v2\/categories?post=2854"},{"taxonomy":"post_tag","embeddable":true,"href":"https:\/\/www.newsrecorder.ro\/app\/wp-json\/wp\/v2\/tags?post=2854"}],"curies":[{"name":"wp","href":"https:\/\/api.w.org\/{rel}","templated":true}]}}