{"id":2896,"date":"2026-02-13T21:45:08","date_gmt":"2026-02-13T21:45:08","guid":{"rendered":"https:\/\/www.newsrecorder.ro\/app\/2026\/02\/13\/ministrul-culturii-ceda-presiunii-renunta-la-controalele-din-teatre\/"},"modified":"2026-02-13T21:45:08","modified_gmt":"2026-02-13T21:45:08","slug":"ministrul-culturii-ceda-presiunii-renunta-la-controalele-din-teatre","status":"publish","type":"post","link":"https:\/\/www.newsrecorder.ro\/app\/2026\/02\/13\/ministrul-culturii-ceda-presiunii-renunta-la-controalele-din-teatre\/","title":{"rendered":"Ministrul Culturii ced\u0103 presiunii: renun\u021b\u0103 la controalele din teatre!"},"content":{"rendered":"<p>Ministrul Culturii, Andr\u00e1s Demeter, a f\u0103cut cunoscut, miercuri, c\u0103 a emis o circular\u0103 ce are ca scop retragerea Instruc\u021biunilor referitoare la organizarea unitar\u0103 \u0219i eviden\u021ba timpului de munc\u0103 pentru personalul de execu\u021bie din institu\u021biile publice de spectacole \u0219i concerte. Aceast\u0103 decizie marcheaz\u0103 \u00eencetarea aplicabilit\u0103\u021bii m\u0103surilor propuse anterior.<\/p>\n<p>\u201ePrin emiterea circularei cu num\u0103rul 965\/11.02.2026, care vizeaz\u0103 retragerea acestor Instruc\u021biuni, am decis s\u0103 opresc aplicarea m\u0103surilor ini\u021biale, precum \u0219i suspendarea oric\u0103rui demers administrativ ce a fost ini\u021biat pe baza acestora\u201d, a declarat Ministerul Culturii \u00eentr-o postare pe Facebook.<\/p>\n<p>Hot\u0103r\u00e2rea ministrului a fost luat\u0103 dup\u0103 discu\u021bii cu reprezentan\u021bi din sectorul cultural, dar \u0219i ca urmare a reac\u021biilor exprimate la nivel na\u021bional. \u00cen aceste condi\u021bii, proiectul va fi revizuit pentru a r\u0103spunde mai bine nevoilor artistice \u0219i administrative.<\/p>\n<p>\u201eAceast\u0103 decizie reflect\u0103 angajamentul nostru de a reconfigura procesul \u00eentr-o manier\u0103 mai inclusiv\u0103 \u0219i flexibil\u0103. Proiectul va fi supus unei revizuiri, grupul de lucru va fi extins, iar colaborarea cu profesioni\u0219tii din sector va r\u0103m\u00e2ne esen\u021bial\u0103 pentru a g\u0103si o solu\u021bie optim\u0103. Scopul nostru este de a r\u0103spunde at\u00e2t cerin\u021belor administrative, c\u00e2t \u0219i specificului muncii artistice\u201d, a ad\u0103ugat ministrul Andr\u00e1s Demeter.<\/p>\n<p>\u00cen contextul acestei decizii, actorii de la Teatrul Na\u021bional \u201eI.L. Caragiale\u201d din Bucure\u0219ti au organizat un protest mar\u021bi, contest\u00e2nd aplicarea proiectului-pilot propus de Ministerul Culturii, care viza organizarea unitar\u0103 \u0219i eviden\u021ba timpului de munc\u0103.<\/p>\n<p>At\u00e2t actorii, c\u00e2t \u0219i angaja\u021bii din departamentele tehnic \u0219i de produc\u021bie ale TNB au criticat faptul c\u0103 acest proiect transform\u0103 munca creativ\u0103, care nu este normat\u0103 \u00een domeniul artistic, \u00een munc\u0103 de birou. Mai mult, ei au subliniat c\u0103 anexe ale proiectului \u00eei oblig\u0103 s\u0103 raporteze zilnic, \u00een scris, activitatea desf\u0103\u0219urat\u0103 \u00een timpul orelor de lucru, ceea ce le-ar afecta semnificativ procesul creativ.<\/p>\n","protected":false},"excerpt":{"rendered":"<p>Ministrul Culturii, Andr\u00e1s Demeter, a f\u0103cut cunoscut, miercuri, c\u0103 a emis o circular\u0103 ce are ca scop retragerea Instruc\u021biunilor referitoare la organizarea unitar\u0103 \u0219i eviden\u021ba timpului de munc\u0103 pentru personalul de execu\u021bie din institu\u021biile publice de spectacole \u0219i concerte. Aceast\u0103 decizie marcheaz\u0103 \u00eencetarea aplicabilit\u0103\u021bii m\u0103surilor propuse anterior. \u201ePrin emiterea circularei cu num\u0103rul 965\/11.02.2026, care vizeaz\u0103 [&hellip;]<\/p>\n","protected":false},"author":7,"featured_media":2897,"comment_status":"open","ping_status":"open","sticky":false,"template":"","format":"standard","meta":{"jnews-multi-image_gallery":[],"jnews_single_post":[],"jnews_primary_category":[],"jnews_override_counter":[],"footnotes":""},"categories":[43],"tags":[343,3961,4252,4878,1705,4248,4879,4254],"class_list":["post-2896","post","type-post","status-publish","format-standard","has-post-thumbnail","hentry","category-cultura","tag-andras-demeter","tag-circulara","tag-institutii-publice","tag-instructiuni","tag-masuri","tag-ministrul-culturii","tag-nevoi-artistice","tag-sector-cultural"],"_links":{"self":[{"href":"https:\/\/www.newsrecorder.ro\/app\/wp-json\/wp\/v2\/posts\/2896","targetHints":{"allow":["GET"]}}],"collection":[{"href":"https:\/\/www.newsrecorder.ro\/app\/wp-json\/wp\/v2\/posts"}],"about":[{"href":"https:\/\/www.newsrecorder.ro\/app\/wp-json\/wp\/v2\/types\/post"}],"author":[{"embeddable":true,"href":"https:\/\/www.newsrecorder.ro\/app\/wp-json\/wp\/v2\/users\/7"}],"replies":[{"embeddable":true,"href":"https:\/\/www.newsrecorder.ro\/app\/wp-json\/wp\/v2\/comments?post=2896"}],"version-history":[{"count":0,"href":"https:\/\/www.newsrecorder.ro\/app\/wp-json\/wp\/v2\/posts\/2896\/revisions"}],"wp:featuredmedia":[{"embeddable":true,"href":"https:\/\/www.newsrecorder.ro\/app\/wp-json\/wp\/v2\/media\/2897"}],"wp:attachment":[{"href":"https:\/\/www.newsrecorder.ro\/app\/wp-json\/wp\/v2\/media?parent=2896"}],"wp:term":[{"taxonomy":"category","embeddable":true,"href":"https:\/\/www.newsrecorder.ro\/app\/wp-json\/wp\/v2\/categories?post=2896"},{"taxonomy":"post_tag","embeddable":true,"href":"https:\/\/www.newsrecorder.ro\/app\/wp-json\/wp\/v2\/tags?post=2896"}],"curies":[{"name":"wp","href":"https:\/\/api.w.org\/{rel}","templated":true}]}}