{"id":2914,"date":"2026-02-13T22:10:10","date_gmt":"2026-02-13T22:10:10","guid":{"rendered":"https:\/\/www.newsrecorder.ro\/app\/2026\/02\/13\/radu-miruta-discuta-cu-lideri-europeni-ai-industriei-de-aparare-la-munchen\/"},"modified":"2026-02-13T22:10:10","modified_gmt":"2026-02-13T22:10:10","slug":"radu-miruta-discuta-cu-lideri-europeni-ai-industriei-de-aparare-la-munchen","status":"publish","type":"post","link":"https:\/\/www.newsrecorder.ro\/app\/2026\/02\/13\/radu-miruta-discuta-cu-lideri-europeni-ai-industriei-de-aparare-la-munchen\/","title":{"rendered":"Radu Miru\u021b\u0103 discut\u0103 cu lideri europeni ai industriei de ap\u0103rare la M\u00fcnchen"},"content":{"rendered":"<p>Vineri, ministrul Ap\u0103r\u0103rii, Radu Miru\u021b\u0103, a participat la \u00eent\u00e2lniri cu reprezentan\u021bi ai industriei europene de ap\u0103rare, sectorului tehnologic \u0219i organiza\u021biilor de analiz\u0103 strategic\u0103, \u00een cadrul prestigioasei Conferin\u021be de Securitate de la M\u00fcnchen.<\/p>\n<p>Conform unui <a href=\"https:\/\/www.mapn.ro\/cpresa\/19147_intrevederi-ale-ministrului-apararii-na%C8%9Bionale-cu-reprezentan%C8%9Bii-ai-industriei-europene-de-aparare,-la-munchen\">comunicat<\/a> emis de Ministerul Ap\u0103r\u0103rii Na\u021bionale, discu\u021biile s-au axat pe extinderea cooper\u0103rii industriale, stimularea investi\u021biilor \u00een Rom\u00e2nia, dezvoltarea parteneriatelor pe termen lung \u0219i facilitarea transferului de tehnologie. Aceste ini\u021biative sunt esen\u021biale pentru modernizarea for\u021belor armate \u0219i pentru consolidarea bazei industriale \u0219i tehnologice de ap\u0103rare la nivel european.<\/p>\n<p>\u00cen cadrul \u00eent\u00e2lnirilor, Radu Miru\u021b\u0103 a avut ocazia s\u0103 discute cu personalit\u0103\u021bi de marc\u0103 precum Gerd Chrzanowski, CEO Schwarz Group, Thomas Saueressig, membru al Comitetului Executiv SAP SE, \u00c9ric B\u00e9ranger, CEO MBDA, \u0219i Michael Sch\u00f6ellhorn, CEO Airbus Defence and Space. \u00cempreun\u0103, au analizat perspectivele colabor\u0103rii \u00een produc\u021bia de echipamente \u0219i sisteme de ap\u0103rare, digitalizarea proceselor industriale, rezilien\u021ba lan\u021burilor de aprovizionare \u0219i dezvoltarea capacit\u0103\u021bilor tehnologice avansate.<\/p>\n<p>Ministrul Ap\u0103r\u0103rii a subliniat c\u0103 Rom\u00e2nia \u201e\u00ee\u0219i asum\u0103 un rol activ \u00een arhitectura de securitate euroatlantic\u0103, fiind nu doar un beneficiar, ci \u0219i un furnizor de securitate \u00een regiune\u201d. De asemenea, el a eviden\u021biat importan\u021ba dezvolt\u0103rii unei industrii na\u021bionale de ap\u0103rare care s\u0103 fie competitiv\u0103, interoperabil\u0103 \u0219i integrat\u0103 \u00een ecosistemul european.<\/p>\n<p>\u00cen plus, Radu Miru\u021b\u0103 a exprimat interesul Rom\u00e2niei de a atrage investi\u021bii, de a realiza proiecte comune de produc\u021bie \u0219i mentenan\u021b\u0103 pe plan intern, precum \u0219i de a crea parteneriate care s\u0103 sporeasc\u0103 autonomia strategic\u0103 \u0219i capacit\u0103\u021bile industriale ale Europei.<\/p>\n<p>Potrivit informa\u021biilor oferite de MApN, Rom\u00e2nia se prezint\u0103 ca un partener de \u00eencredere, predictibil \u0219i dedicat dezvolt\u0103rii unor proiecte industriale sustenabile, care s\u0103 sus\u021bin\u0103 at\u00e2t securitatea na\u021bional\u0103, c\u00e2t \u0219i consolidarea Pilonului European al NATO \u0219i dimensiunea de ap\u0103rare a Uniunii Europene.<\/p>\n<p>\u00cen cadrul \u00eent\u00e2lnirilor cu oficiali seniori ai Atlantic Council \u0219i The Cohen Group, au fost abordate progresele \u00een domeniul securit\u0103\u021bii regionale, consolidarea rela\u021biilor transatlantice, rolul NATO \u0219i al Uniunii Europene, precum \u0219i perspectivele de sprijin pentru Ucraina \u0219i investi\u021biile \u00een sectorul ap\u0103r\u0103rii.<\/p>\n","protected":false},"excerpt":{"rendered":"<p>Vineri, ministrul Ap\u0103r\u0103rii, Radu Miru\u021b\u0103, a participat la \u00eent\u00e2lniri cu reprezentan\u021bi ai industriei europene de ap\u0103rare, sectorului tehnologic \u0219i organiza\u021biilor de analiz\u0103 strategic\u0103, \u00een cadrul prestigioasei Conferin\u021be de Securitate de la M\u00fcnchen. Conform unui comunicat emis de Ministerul Ap\u0103r\u0103rii Na\u021bionale, discu\u021biile s-au axat pe extinderea cooper\u0103rii industriale, stimularea investi\u021biilor \u00een Rom\u00e2nia, dezvoltarea parteneriatelor pe termen [&hellip;]<\/p>\n","protected":false},"author":2,"featured_media":2915,"comment_status":"open","ping_status":"open","sticky":false,"template":"","format":"standard","meta":{"jnews-multi-image_gallery":[],"jnews_single_post":[],"jnews_primary_category":[],"jnews_override_counter":[],"footnotes":""},"categories":[42],"tags":[409,4899,420,464,3312,874,1234,4900],"class_list":["post-2914","post","type-post","status-publish","format-standard","has-post-thumbnail","hentry","category-politica","tag-aparare","tag-cooperare-industriala","tag-investitii","tag-modernizare","tag-parteneriate","tag-securitate","tag-tehnologie","tag-transfer-de-tehnologie"],"_links":{"self":[{"href":"https:\/\/www.newsrecorder.ro\/app\/wp-json\/wp\/v2\/posts\/2914","targetHints":{"allow":["GET"]}}],"collection":[{"href":"https:\/\/www.newsrecorder.ro\/app\/wp-json\/wp\/v2\/posts"}],"about":[{"href":"https:\/\/www.newsrecorder.ro\/app\/wp-json\/wp\/v2\/types\/post"}],"author":[{"embeddable":true,"href":"https:\/\/www.newsrecorder.ro\/app\/wp-json\/wp\/v2\/users\/2"}],"replies":[{"embeddable":true,"href":"https:\/\/www.newsrecorder.ro\/app\/wp-json\/wp\/v2\/comments?post=2914"}],"version-history":[{"count":0,"href":"https:\/\/www.newsrecorder.ro\/app\/wp-json\/wp\/v2\/posts\/2914\/revisions"}],"wp:featuredmedia":[{"embeddable":true,"href":"https:\/\/www.newsrecorder.ro\/app\/wp-json\/wp\/v2\/media\/2915"}],"wp:attachment":[{"href":"https:\/\/www.newsrecorder.ro\/app\/wp-json\/wp\/v2\/media?parent=2914"}],"wp:term":[{"taxonomy":"category","embeddable":true,"href":"https:\/\/www.newsrecorder.ro\/app\/wp-json\/wp\/v2\/categories?post=2914"},{"taxonomy":"post_tag","embeddable":true,"href":"https:\/\/www.newsrecorder.ro\/app\/wp-json\/wp\/v2\/tags?post=2914"}],"curies":[{"name":"wp","href":"https:\/\/api.w.org\/{rel}","templated":true}]}}