{"id":2916,"date":"2026-02-13T22:10:34","date_gmt":"2026-02-13T22:10:34","guid":{"rendered":"https:\/\/www.newsrecorder.ro\/app\/2026\/02\/13\/nicusor-dan-recesiunea-nu-ne-surprinde-economia-e-in-declin-de-4-ani\/"},"modified":"2026-02-13T22:10:34","modified_gmt":"2026-02-13T22:10:34","slug":"nicusor-dan-recesiunea-nu-ne-surprinde-economia-e-in-declin-de-4-ani","status":"publish","type":"post","link":"https:\/\/www.newsrecorder.ro\/app\/2026\/02\/13\/nicusor-dan-recesiunea-nu-ne-surprinde-economia-e-in-declin-de-4-ani\/","title":{"rendered":"Nicu\u0219or Dan: \u201eRecesiunea nu ne surprinde, economia e \u00een declin de 4 ani!\u201d"},"content":{"rendered":"<p>Pre\u0219edintele Rom\u00e2niei, Nicu\u0219or Dan, a \u00eemp\u0103rt\u0103\u0219it vineri pe re\u021belele sociale informa\u021bii importante publicate de Institutul Na\u021bional de Statistic\u0103, care ofer\u0103 o analiz\u0103 detaliat\u0103 a situa\u021biei economice actuale a \u021b\u0103rii.<\/p>\n<p>\u00centr-o postare pe Facebook, Nicu\u0219or Dan a subliniat c\u0103 economia rom\u00e2neasc\u0103 a \u00eenregistrat o contrac\u021bie de 2%, cauzat\u0103 \u00een principal de sc\u0103derea consumului. \u201ePentru unii, aceast\u0103 reducere provine din diminuarea puterii de cump\u0103rare, iar pentru al\u021bii, din pruden\u021ba fa\u021b\u0103 de viitorul economic\u201d, a explicat pre\u0219edintele.<\/p>\n<p>De\u0219i aceast\u0103 \u00eencetinire poate p\u0103rea alarmant\u0103, Nicu\u0219or Dan a afirmat c\u0103 Rom\u00e2nia a reu\u0219it s\u0103 gestioneze deficitele f\u0103r\u0103 a apela la ajutoare externe. \u201eRom\u00e2nia reu\u0219e\u0219te s\u0103 reduc\u0103 un deficit bugetar masiv f\u0103r\u0103 asisten\u021b\u0103 extern\u0103, f\u0103r\u0103 FMI \u0219i f\u0103r\u0103 criza economic\u0103 pe care am tr\u0103it-o \u00een 2009-2010\u201d, a ad\u0103ugat el.<\/p>\n<p>Pre\u0219edintele a men\u021bionat c\u0103 problemele structurale ale economiei nu sunt surprinz\u0103toare. \u201eNu este ceva ce descoperim acum. Economia Rom\u00e2niei a \u00eencetinit \u00een ultimii patru ani, \u00een ciuda unor deficite imense. Limitarea corup\u021biei, cre\u0219terea competitivit\u0103\u021bii \u0219i alinierea a\u0219tept\u0103rilor mediului privat cu ac\u021biunile politice sunt aspecte pe care le avem de rezolvat de mult timp\u201d, a comentat el.<\/p>\n<p>Cu toate acestea, Nicu\u0219or Dan a subliniat existen\u021ba unei economii private solide. \u201eProgramul SAFE, bine \u00eentocmit de guvern, va genera dezvoltare. Fondurile europene, inclusiv PNRR \u0219i fondurile structurale, vor contribui la aceast\u0103 dezvoltare. De asemenea, observ\u0103m progrese \u00een diminuarea evaziunii fiscale\u201d, a scris el pe Facebook.<\/p>\n<p>Pre\u0219edintele a recunoscut c\u0103 Rom\u00e2nia are \u00eenc\u0103 multe aspecte de corectat \u00een sectoare esen\u021biale. \u201eEvident, Rom\u00e2nia are enorm de multe de reparat \u00een justi\u021bie, economie, educa\u021bie \u0219i s\u0103n\u0103tate. Politicienii ar trebui s\u0103 se concentreze mai mult asupra problemelor structurale \u0219i mai pu\u021bin pe zgomot \u0219i lozinci\u201d, a subliniat el.<\/p>\n<p>Nicu\u0219or Dan a \u00eendemnat cet\u0103\u021benii s\u0103 continue s\u0103 pun\u0103 presiune asupra deciden\u021bilor politici pentru a rezolva aceste probleme. \u201eEu r\u0103m\u00e2n implicat \u0219i al\u0103turi de voi \u00een acest demers, sus\u021bin\u00e2nd acelea\u0219i obiective \u0219i aceea\u0219i responsabilitate public\u0103\u201d, a concluzionat \u0219eful statului.<\/p>\n<p>\u00centr-o declara\u021bie separat\u0103, premierul <a href=\"https:\/\/www.mediafax.ro\/stirile-zilei\/premierul-bolojan-dupa-intrarea-in-recesiune-tehnica-din-a-doua-jumatate-a-acestui-an-vom-vedea-ca-lucrurile-se-reaseaza-23686518\">Ilie Bolojan<\/a> a comentat vineri despre recesiunea tehnic\u0103 \u00een care a intrat Rom\u00e2nia, descriind-o ca fiind o situa\u021bie temporar\u0103. El a declarat c\u0103 efectele m\u0103surilor de austeritate vor fi absorbite \u00een lunile urm\u0103toare, iar a doua jum\u0103tate a anului va aduce premise pentru o reluare a cre\u0219terii economice.<\/p>\n<p>\u201eAceasta este o situa\u021bie temporar\u0103, \u00een mod evident. Eu nu sunt adeptul proiect\u0103rii unor a\u0219tept\u0103ri foarte optimiste, deoarece acest lucru a dus la dificult\u0103\u021bi \u00een trecut\u201d, a spus Ilie Bolojan, \u00een cadrul unei emisiuni la Europa FM.<\/p>\n<p>Premierul a subliniat c\u0103 actuala situa\u021bie economic\u0103 rezult\u0103 din decizii dificile care nu puteau fi evitate. \u00centrebat despre a\u0219tept\u0103rile sale pentru viitor, Ilie Bolojan a explicat: \u201eA\u0219tept\u0103rile sunt c\u0103, dup\u0103 \u00eenchiderea bugetului de stat \u0219i implementarea m\u0103surilor de administrare, \u00een a doua jum\u0103tate a anului, efectele colaterale ale acestor m\u0103suri vor fi deja absorbite de economie.\u201d<\/p>\n","protected":false},"excerpt":{"rendered":"<p>Pre\u0219edintele Rom\u00e2niei, Nicu\u0219or Dan, a \u00eemp\u0103rt\u0103\u0219it vineri pe re\u021belele sociale informa\u021bii importante publicate de Institutul Na\u021bional de Statistic\u0103, care ofer\u0103 o analiz\u0103 detaliat\u0103 a situa\u021biei economice actuale a \u021b\u0103rii. \u00centr-o postare pe Facebook, Nicu\u0219or Dan a subliniat c\u0103 economia rom\u00e2neasc\u0103 a \u00eenregistrat o contrac\u021bie de 2%, cauzat\u0103 \u00een principal de sc\u0103derea consumului. \u201ePentru unii, aceast\u0103 [&hellip;]<\/p>\n","protected":false},"author":2,"featured_media":2917,"comment_status":"open","ping_status":"open","sticky":false,"template":"","format":"standard","meta":{"jnews-multi-image_gallery":[],"jnews_single_post":[],"jnews_primary_category":[],"jnews_override_counter":[],"footnotes":""},"categories":[42],"tags":[4903,3479,4901,298,323,2932,286,4902],"class_list":["post-2916","post","type-post","status-publish","format-standard","has-post-thumbnail","hentry","category-politica","tag-ajutoare-externe","tag-consum","tag-contractie","tag-deficit-bugetar","tag-economie-romaneasca","tag-institutul-national-de-statistica","tag-nicusor-dan","tag-putere-de-cumparare"],"_links":{"self":[{"href":"https:\/\/www.newsrecorder.ro\/app\/wp-json\/wp\/v2\/posts\/2916","targetHints":{"allow":["GET"]}}],"collection":[{"href":"https:\/\/www.newsrecorder.ro\/app\/wp-json\/wp\/v2\/posts"}],"about":[{"href":"https:\/\/www.newsrecorder.ro\/app\/wp-json\/wp\/v2\/types\/post"}],"author":[{"embeddable":true,"href":"https:\/\/www.newsrecorder.ro\/app\/wp-json\/wp\/v2\/users\/2"}],"replies":[{"embeddable":true,"href":"https:\/\/www.newsrecorder.ro\/app\/wp-json\/wp\/v2\/comments?post=2916"}],"version-history":[{"count":0,"href":"https:\/\/www.newsrecorder.ro\/app\/wp-json\/wp\/v2\/posts\/2916\/revisions"}],"wp:featuredmedia":[{"embeddable":true,"href":"https:\/\/www.newsrecorder.ro\/app\/wp-json\/wp\/v2\/media\/2917"}],"wp:attachment":[{"href":"https:\/\/www.newsrecorder.ro\/app\/wp-json\/wp\/v2\/media?parent=2916"}],"wp:term":[{"taxonomy":"category","embeddable":true,"href":"https:\/\/www.newsrecorder.ro\/app\/wp-json\/wp\/v2\/categories?post=2916"},{"taxonomy":"post_tag","embeddable":true,"href":"https:\/\/www.newsrecorder.ro\/app\/wp-json\/wp\/v2\/tags?post=2916"}],"curies":[{"name":"wp","href":"https:\/\/api.w.org\/{rel}","templated":true}]}}