{"id":2918,"date":"2026-02-13T22:10:45","date_gmt":"2026-02-13T22:10:45","guid":{"rendered":"https:\/\/www.newsrecorder.ro\/app\/2026\/02\/13\/bolojan-ar-putea-pleca-din-guvern-ce-conditie-a-dezvaluit-liderul-liberal\/"},"modified":"2026-02-13T22:10:45","modified_gmt":"2026-02-13T22:10:45","slug":"bolojan-ar-putea-pleca-din-guvern-ce-conditie-a-dezvaluit-liderul-liberal","status":"publish","type":"post","link":"https:\/\/www.newsrecorder.ro\/app\/2026\/02\/13\/bolojan-ar-putea-pleca-din-guvern-ce-conditie-a-dezvaluit-liderul-liberal\/","title":{"rendered":"Bolojan ar putea pleca din Guvern: Ce condi\u021bie a dezv\u0103luit liderul liberal?"},"content":{"rendered":"<p>Declara\u021biile au fost f\u0103cute vineri seara \u00een cadrul unei emisiuni difuzate de Antena 3 CNN.<\/p>\n<p>Hubert Thuma a abordat subiectul tensiunilor din coali\u021bia de guvernare, preciz\u00e2nd: \u201eDac\u0103 legea bugetului nu trece de Parlament, probabil aceasta va fi urmarea\u201d, f\u0103c\u00e2nd referire la posibila \u00eenl\u0103turare a premierului Ilie Bolojan.<\/p>\n<p>Thuma a subliniat c\u0103 Ilie Bolojan poate fi demis doar dac\u0103 partidele din coali\u021bia de guvernare decid s\u0103-i retrag\u0103 sprijinul. \u201eParlamentarii liberali nu vor vota niciodat\u0103 \u00eempotriva unui premier liberal\u201d, a afirmat el, ad\u0103ug\u00e2nd c\u0103 nu poate spune acela\u0219i lucru despre social-democra\u021bii care au lansat amenin\u021b\u0103ri la adresa lui Bolojan.<\/p>\n<p>De asemenea, Thuma a subliniat importan\u021ba dialogului, afirm\u00e2nd: \u201eEu vreau de la premierul Ilie Bolojan s\u0103 se a\u0219eze la mas\u0103 \u0219i s\u0103 negocieze\u201d cu reprezentan\u021bii partidelor \u0219i cu cei ai mediului economic, critic\u00e2nd astfel stilul de conducere al acestuia.<\/p>\n<p>Printre temele discutate, Thuma a men\u021bionat \u0219i faptul c\u0103 Rom\u00e2nia a intrat \u00een recesiune tehnic\u0103, un aspect care afecteaz\u0103 direct via\u021ba cet\u0103\u021benilor. \u201eOamenii o duc mai r\u0103u, pentru mine era previzibil. (&#8230;) \u00cen 2009-2010 au fost implementate acelea\u0219i t\u0103ieri, acelea\u0219i cre\u0219teri de taxe, rezultatul nu a fost bun\u201d, a declarat el.<\/p>\n<p>Hubert Thuma, pre\u0219edintele Consiliului Jude\u021bean Ilfov, se num\u0103r\u0103 printre contestatarii notabili ai pre\u0219edintelui PNL, Ilie Bolojan.<\/p>\n","protected":false},"excerpt":{"rendered":"<p>Declara\u021biile au fost f\u0103cute vineri seara \u00een cadrul unei emisiuni difuzate de Antena 3 CNN. Hubert Thuma a abordat subiectul tensiunilor din coali\u021bia de guvernare, preciz\u00e2nd: \u201eDac\u0103 legea bugetului nu trece de Parlament, probabil aceasta va fi urmarea\u201d, f\u0103c\u00e2nd referire la posibila \u00eenl\u0103turare a premierului Ilie Bolojan. Thuma a subliniat c\u0103 Ilie Bolojan poate fi [&hellip;]<\/p>\n","protected":false},"author":2,"featured_media":2919,"comment_status":"open","ping_status":"open","sticky":false,"template":"","format":"standard","meta":{"jnews-multi-image_gallery":[],"jnews_single_post":[],"jnews_primary_category":[],"jnews_override_counter":[],"footnotes":""},"categories":[42],"tags":[414,3785,4240,2059,302,485,3601,1357],"class_list":["post-2918","post","type-post","status-publish","format-standard","has-post-thumbnail","hentry","category-politica","tag-amenintari","tag-coalitie-de-guvernare","tag-demitere","tag-dialog","tag-ilie-bolojan","tag-negociere","tag-sprijin-parlamentar","tag-tensiuni"],"_links":{"self":[{"href":"https:\/\/www.newsrecorder.ro\/app\/wp-json\/wp\/v2\/posts\/2918","targetHints":{"allow":["GET"]}}],"collection":[{"href":"https:\/\/www.newsrecorder.ro\/app\/wp-json\/wp\/v2\/posts"}],"about":[{"href":"https:\/\/www.newsrecorder.ro\/app\/wp-json\/wp\/v2\/types\/post"}],"author":[{"embeddable":true,"href":"https:\/\/www.newsrecorder.ro\/app\/wp-json\/wp\/v2\/users\/2"}],"replies":[{"embeddable":true,"href":"https:\/\/www.newsrecorder.ro\/app\/wp-json\/wp\/v2\/comments?post=2918"}],"version-history":[{"count":0,"href":"https:\/\/www.newsrecorder.ro\/app\/wp-json\/wp\/v2\/posts\/2918\/revisions"}],"wp:featuredmedia":[{"embeddable":true,"href":"https:\/\/www.newsrecorder.ro\/app\/wp-json\/wp\/v2\/media\/2919"}],"wp:attachment":[{"href":"https:\/\/www.newsrecorder.ro\/app\/wp-json\/wp\/v2\/media?parent=2918"}],"wp:term":[{"taxonomy":"category","embeddable":true,"href":"https:\/\/www.newsrecorder.ro\/app\/wp-json\/wp\/v2\/categories?post=2918"},{"taxonomy":"post_tag","embeddable":true,"href":"https:\/\/www.newsrecorder.ro\/app\/wp-json\/wp\/v2\/tags?post=2918"}],"curies":[{"name":"wp","href":"https:\/\/api.w.org\/{rel}","templated":true}]}}