{"id":2944,"date":"2026-02-13T22:42:40","date_gmt":"2026-02-13T22:42:40","guid":{"rendered":"https:\/\/www.newsrecorder.ro\/app\/2026\/02\/13\/suedia-aloca-100-milioane-dolari-ucrainei-cu-un-nou-pachet-purl\/"},"modified":"2026-02-13T22:42:40","modified_gmt":"2026-02-13T22:42:40","slug":"suedia-aloca-100-milioane-dolari-ucrainei-cu-un-nou-pachet-purl","status":"publish","type":"post","link":"https:\/\/www.newsrecorder.ro\/app\/2026\/02\/13\/suedia-aloca-100-milioane-dolari-ucrainei-cu-un-nou-pachet-purl\/","title":{"rendered":"Suedia aloc\u0103 100 milioane dolari Ucrainei cu un nou pachet PURL!"},"content":{"rendered":"<p>Suedia a f\u0103cut un anun\u021b important, decid\u00e2nd s\u0103 contribuie cu 100 de milioane de dolari la ini\u021biativa \u201eLista de cerin\u021be prioritare pentru Ucraina\u201d (PURL), conform informa\u021biilor publicate de <a href=\"https:\/\/www.ukrinform.net\/rubric-ato\/4091091-sweden-announces-third-100m-aid-package-to-ukraine-under-purl-initiative.html\">Ukrinform<\/a>.<\/p>\n<p>\u00cen colaborare cu Olanda, Norvegia \u0219i Regatul Unit, Suedia se al\u0103tur\u0103 unui pachet comun de asisten\u021b\u0103 pentru Ucraina, av\u00e2nd o valoare total\u0103 de 500 de milioane de dolari.<\/p>\n<p>Ministrul ap\u0103r\u0103rii suedez, Pal Jonson, a subliniat angajamentul Suediei fa\u021b\u0103 de Ucraina, afirm\u00e2nd: \u201eSuedia \u00ee\u0219i men\u021bine solidaritatea ferm\u0103 cu Ucraina. Prin contribu\u021bia noastr\u0103 la PURL, care va oferi Ucrainei acces la materiale de ap\u0103rare prioritare ale SUA, demonstr\u0103m \u00eenc\u0103 o dat\u0103 c\u0103 suntem preg\u0103ti\u021bi s\u0103 lu\u0103m m\u0103suri concrete pentru a consolida capacit\u0103\u021bile de ap\u0103rare ale Ucrainei. Ap\u0103rarea aerian\u0103 \u0219i muni\u021biile sunt cruciale pentru a permite Ucrainei s\u0103 se apere \u00eempotriva atacurilor continue ale Rusiei. \u00cempreun\u0103 cu alia\u021bii \u0219i partenerii no\u0219tri, trimitem un semnal clar care demonstreaz\u0103 angajamentul nostru comun fa\u021b\u0103 de pacea \u0219i securitatea \u00een Europa.\u201d<\/p>\n<p>Aceasta reprezint\u0103 cea de-a treia contribu\u021bie a Suediei la ini\u021biativa PURL. Anterior, Suedia a oferit 275 de milioane de dolari pentru un pachet de sprijin \u00een colaborare cu Danemarca \u0219i Norvegia, precum \u0219i 60 de milioane de dolari al\u0103turi de alte state nordice \u0219i baltice.<\/p>\n<p>Astfel, suma total\u0103 pe care Suedia a alocat-o pentru PURL ajunge la 435 de milioane de dolari.<\/p>\n<p>Pe 6 februarie, guvernul suedez a anun\u021bat un alt pachet de ajutor pentru Ucraina, \u00een valoare de 1 miliard de coroane suedeze, destinat achizi\u021bion\u0103rii de echipamente energetice urgente.<\/p>\n","protected":false},"excerpt":{"rendered":"<p>Suedia a f\u0103cut un anun\u021b important, decid\u00e2nd s\u0103 contribuie cu 100 de milioane de dolari la ini\u021biativa \u201eLista de cerin\u021be prioritare pentru Ucraina\u201d (PURL), conform informa\u021biilor publicate de Ukrinform. \u00cen colaborare cu Olanda, Norvegia \u0219i Regatul Unit, Suedia se al\u0103tur\u0103 unui pachet comun de asisten\u021b\u0103 pentru Ucraina, av\u00e2nd o valoare total\u0103 de 500 de milioane [&hellip;]<\/p>\n","protected":false},"author":2,"featured_media":2945,"comment_status":"open","ping_status":"open","sticky":false,"template":"","format":"standard","meta":{"jnews-multi-image_gallery":[],"jnews_single_post":[],"jnews_primary_category":[],"jnews_override_counter":[],"footnotes":""},"categories":[41],"tags":[4946,409,4944,4945,2846,1482,2718,682],"class_list":["post-2944","post","type-post","status-publish","format-standard","has-post-thumbnail","hentry","category-externe","tag-alianta","tag-aparare","tag-asistenta","tag-purl","tag-rusie","tag-solidaritate","tag-suedia","tag-ucraina"],"_links":{"self":[{"href":"https:\/\/www.newsrecorder.ro\/app\/wp-json\/wp\/v2\/posts\/2944","targetHints":{"allow":["GET"]}}],"collection":[{"href":"https:\/\/www.newsrecorder.ro\/app\/wp-json\/wp\/v2\/posts"}],"about":[{"href":"https:\/\/www.newsrecorder.ro\/app\/wp-json\/wp\/v2\/types\/post"}],"author":[{"embeddable":true,"href":"https:\/\/www.newsrecorder.ro\/app\/wp-json\/wp\/v2\/users\/2"}],"replies":[{"embeddable":true,"href":"https:\/\/www.newsrecorder.ro\/app\/wp-json\/wp\/v2\/comments?post=2944"}],"version-history":[{"count":0,"href":"https:\/\/www.newsrecorder.ro\/app\/wp-json\/wp\/v2\/posts\/2944\/revisions"}],"wp:featuredmedia":[{"embeddable":true,"href":"https:\/\/www.newsrecorder.ro\/app\/wp-json\/wp\/v2\/media\/2945"}],"wp:attachment":[{"href":"https:\/\/www.newsrecorder.ro\/app\/wp-json\/wp\/v2\/media?parent=2944"}],"wp:term":[{"taxonomy":"category","embeddable":true,"href":"https:\/\/www.newsrecorder.ro\/app\/wp-json\/wp\/v2\/categories?post=2944"},{"taxonomy":"post_tag","embeddable":true,"href":"https:\/\/www.newsrecorder.ro\/app\/wp-json\/wp\/v2\/tags?post=2944"}],"curies":[{"name":"wp","href":"https:\/\/api.w.org\/{rel}","templated":true}]}}