{"id":2952,"date":"2026-02-13T22:44:26","date_gmt":"2026-02-13T22:44:26","guid":{"rendered":"https:\/\/www.newsrecorder.ro\/app\/2026\/02\/13\/recesiunea-tehnica-ce-ne-asteapta-si-cum-putem-iesi-din-ea\/"},"modified":"2026-02-13T22:44:26","modified_gmt":"2026-02-13T22:44:26","slug":"recesiunea-tehnica-ce-ne-asteapta-si-cum-putem-iesi-din-ea","status":"publish","type":"post","link":"https:\/\/www.newsrecorder.ro\/app\/2026\/02\/13\/recesiunea-tehnica-ce-ne-asteapta-si-cum-putem-iesi-din-ea\/","title":{"rendered":"Recesiunea tehnic\u0103: Ce ne a\u0219teapt\u0103 \u0219i cum putem ie\u0219i din ea?"},"content":{"rendered":"<p>Cristian P\u0103un, profesor universitar specializat \u00een economie \u0219i finan\u021be interna\u021bionale, a discutat despre cele mai recente date privind evolu\u021bia economiei rom\u00e2ne\u0219ti, prezentate vineri de Institutul Na\u021bional de Statistic\u0103 (INS), \u00eentr-un interviu acordat Mediafax.<\/p>\n<p>Printre informa\u021biile esen\u021biale, P\u0103un a subliniat estim\u0103rile pentru anul trecut, care sugereaz\u0103 c\u0103 Produsul Intern Brut (PIB) ar putea cre\u0219te cu 0,6% \u00een anul 2025 fa\u021b\u0103 de 2024. De asemenea, au fost publicate \u0219i datele definitive pentru 2024, care au fost revizuite \u00een sc\u0103dere, conform explica\u021biilor sale.<\/p>\n<p>Recesiunea tehnic\u0103 este, \u00een esen\u021b\u0103, definit\u0103 ca o sc\u0103dere a PIB-ului \u00een termeni reali pentru dou\u0103 trimestre consecutive. Astfel, INS a raportat c\u0103:<\/p>\n<ul>\n<li>\u00cen trimestrul IV 2025, PIB-ul a sc\u0103zut cu 1,9% comparativ cu trimestrul III 2025, ajustat sezonier.<\/li>\n<li>A fost al doilea trimestru consecutiv de sc\u0103dere, dup\u0103 o mic\u0103 sc\u0103dere de 0,1% \u00een trimestrul III.<\/li>\n<li>Comparativ cu trimestrul IV 2024, PIB-ul a crescut cu 0,1% \u00een 2025.<\/li>\n<\/ul>\n<p>P\u0103un a comentat: \u201eEconomia nu se afl\u0103 \u00eentr-o stare bun\u0103 de vreo doi ani, iar acest lucru este evident prin datele relevante. Produc\u021bia industrial\u0103 \u0219i consumul au \u00eenceput s\u0103 scad\u0103. Dac\u0103 nu ar fi interven\u021biile guvernului, economia ar fi fost \u00een declin mai devreme.\u201d<\/p>\n<p>\u00cen context, reporterul a \u00eentrebat despre implica\u021biile recesiunii tehnice asupra ratingului \u021b\u0103rii \u0219i dob\u00e2nzilor. Profesorul a r\u0103spuns c\u0103, de\u0219i sc\u0103derea PIB-ului este modest\u0103, aceasta se produce pe fondul reducerii semnificative a cheltuielilor cu personalul \u00een sectorul public. De\u0219i salariile \u00een sectorul bugetar au crescut, ajust\u0103rile actuale vor continua s\u0103 afecteze bugetul.<\/p>\n<p>P\u0103un a insistat asupra necesit\u0103\u021bii de a continua reformele pentru a reduce dimensiunea statului \u0219i a \u00eembun\u0103t\u0103\u021bi eficien\u021ba. \u201eExist\u0103 multe structuri inutile \u00een administra\u021bia rom\u00e2n\u0103 care consum\u0103 resurse, iar ace\u0219ti bani ar putea fi mai bine direc\u021biona\u021bi c\u0103tre servicii vitale precum educa\u021bia \u0219i s\u0103n\u0103tatea\u201d, a explicat el.<\/p>\n<p>\u00cen ceea ce prive\u0219te perspectivele economice, P\u0103un a subliniat c\u0103 Rom\u00e2nia are o oportunitate semnificativ\u0103 datorit\u0103 fondurilor europene, care au atins un maxim istoric. \u201ePentru a putea absorbi aceste fonduri, este esen\u021bial s\u0103 existe proiecte bine implementate \u0219i o guvernare responsabil\u0103\u201d, a afirmat el.<\/p>\n<p>Pe de alt\u0103 parte, \u00eentreb\u0103rile despre guvernan\u021ba corporativ\u0103 \u0219i posibilele pierderi de fonduri au fost abordate cu o not\u0103 de \u00eengrijorare. \u201eDac\u0103 nu se vor face reformele necesare, vom pierde bani importan\u021bi, iar aceast\u0103 situa\u021bie nu este de bun augur pentru economia na\u021bional\u0103\u201d, a ad\u0103ugat profesorul.<\/p>\n<p>\u00cen concluzie, P\u0103un a avertizat c\u0103, de\u0219i este important s\u0103 ne g\u00e2ndim la o posibil\u0103 cre\u0219tere economic\u0103, aceasta trebuie s\u0103 fie sustenabil\u0103 \u0219i s\u0103n\u0103toas\u0103. \u201eNu ne permitem iluzia unui PIB frumos, dar nesustenabil. Cre\u0219terea trebuie s\u0103 fie solid\u0103 \u0219i s\u0103 reziste \u00een fa\u021ba eventualelor crize externe\u201d, a conchis el, f\u0103c\u00e2nd referire la stabilitatea economic\u0103 a altor \u021b\u0103ri, cum ar fi Polonia.<\/p>\n","protected":false},"excerpt":{"rendered":"<p>Cristian P\u0103un, profesor universitar specializat \u00een economie \u0219i finan\u021be interna\u021bionale, a discutat despre cele mai recente date privind evolu\u021bia economiei rom\u00e2ne\u0219ti, prezentate vineri de Institutul Na\u021bional de Statistic\u0103 (INS), \u00eentr-un interviu acordat Mediafax. Printre informa\u021biile esen\u021biale, P\u0103un a subliniat estim\u0103rile pentru anul trecut, care sugereaz\u0103 c\u0103 Produsul Intern Brut (PIB) ar putea cre\u0219te cu 0,6% [&hellip;]<\/p>\n","protected":false},"author":4,"featured_media":2953,"comment_status":"open","ping_status":"open","sticky":false,"template":"","format":"standard","meta":{"jnews-multi-image_gallery":[],"jnews_single_post":[],"jnews_primary_category":[],"jnews_override_counter":[],"footnotes":""},"categories":[40],"tags":[4961,3481,4951,4962,4963,2932,2929,3478],"class_list":["post-2952","post","type-post","status-publish","format-standard","has-post-thumbnail","hentry","category-econonie","tag-cristian-paun","tag-date-economice","tag-economia-romaneasca","tag-estimari-economice","tag-evolutia-pib","tag-institutul-national-de-statistica","tag-produs-intern-brut","tag-recesiune-tehnica"],"_links":{"self":[{"href":"https:\/\/www.newsrecorder.ro\/app\/wp-json\/wp\/v2\/posts\/2952","targetHints":{"allow":["GET"]}}],"collection":[{"href":"https:\/\/www.newsrecorder.ro\/app\/wp-json\/wp\/v2\/posts"}],"about":[{"href":"https:\/\/www.newsrecorder.ro\/app\/wp-json\/wp\/v2\/types\/post"}],"author":[{"embeddable":true,"href":"https:\/\/www.newsrecorder.ro\/app\/wp-json\/wp\/v2\/users\/4"}],"replies":[{"embeddable":true,"href":"https:\/\/www.newsrecorder.ro\/app\/wp-json\/wp\/v2\/comments?post=2952"}],"version-history":[{"count":0,"href":"https:\/\/www.newsrecorder.ro\/app\/wp-json\/wp\/v2\/posts\/2952\/revisions"}],"wp:featuredmedia":[{"embeddable":true,"href":"https:\/\/www.newsrecorder.ro\/app\/wp-json\/wp\/v2\/media\/2953"}],"wp:attachment":[{"href":"https:\/\/www.newsrecorder.ro\/app\/wp-json\/wp\/v2\/media?parent=2952"}],"wp:term":[{"taxonomy":"category","embeddable":true,"href":"https:\/\/www.newsrecorder.ro\/app\/wp-json\/wp\/v2\/categories?post=2952"},{"taxonomy":"post_tag","embeddable":true,"href":"https:\/\/www.newsrecorder.ro\/app\/wp-json\/wp\/v2\/tags?post=2952"}],"curies":[{"name":"wp","href":"https:\/\/api.w.org\/{rel}","templated":true}]}}