{"id":2968,"date":"2026-02-14T10:12:21","date_gmt":"2026-02-14T10:12:21","guid":{"rendered":"https:\/\/www.newsrecorder.ro\/app\/2026\/02\/14\/actorii-de-la-tnb-cer-demisia-ministrului-culturii-pentru-insulte-repetate\/"},"modified":"2026-02-14T10:12:21","modified_gmt":"2026-02-14T10:12:21","slug":"actorii-de-la-tnb-cer-demisia-ministrului-culturii-pentru-insulte-repetate","status":"publish","type":"post","link":"https:\/\/www.newsrecorder.ro\/app\/2026\/02\/14\/actorii-de-la-tnb-cer-demisia-ministrului-culturii-pentru-insulte-repetate\/","title":{"rendered":"Actorii de la TNB cer demisia ministrului Culturii pentru insulte repetate!"},"content":{"rendered":"<p>Sindicatul actorilor de la Teatrul Na\u021bional \u201eI.L. Caragiale\u201d din Bucure\u0219ti a lansat o solicitare ferm\u0103 pentru demisia ministrului Culturii, Andr\u00e1s Demeter. Ace\u0219tia acuz\u0103 ministrul de comportamente inadecvate \u0219i de insulte repetate la adresa profesioni\u0219tilor din domeniul cultural.<\/p>\n<p>\u00centr-un comunicat de pres\u0103, sindicatul subliniaz\u0103 c\u0103 \u201ecomportamentul ministrului este incompatibil cu func\u021bia public\u0103\u201d, ad\u0103ug\u00e2nd c\u0103 deciziile acestuia au un impact negativ semnificativ asupra sectorului cultural. De exemplu, ministrul a declarat despre un coleg al lor c\u0103 \u201ear trebui s\u0103-\u0219i dea demisia din prostie\u201d, o afirma\u021bie care a generat un sentiment de jignire \u00een r\u00e2ndul actorilor. \u00cen alte ocazii, Demeter s-a adresat oamenilor de cultur\u0103 folosind expresii precum \u201esunte\u021bi total nepreg\u0103tit\u0103, nu v-a\u021bi f\u0103cut lec\u021biile\u201d, demonstr\u00e2nd astfel o lips\u0103 de respect fa\u021b\u0103 de comunitatea pe care ar trebui s\u0103 o sprijine, conform sindicatului. Aceste declara\u021bii au fost confirmate prin \u00eenregistr\u0103ri video \u0219i audio publicate \u00een pres\u0103, inclusiv pe platformele <a style=\"color: #0000ff\" href=\"https:\/\/www.g4media.ro\/sindicatul-actorilor-de-la-teatrul-national-din-bucuresti-cere-demisia-ministrului-culturii-andras-demeter-a-insultat-in-repetate-randuri-public-profesionisti-din-domeniul-culturii.html\" target=\"_blank\" rel=\"noopener\">G4Media<\/a> \u0219i <a style=\"color: #0000ff\" href=\"https:\/\/www.edupedu.ro\/sindicatul-actorilor-de-la-teatrul-national-din-bucuresti-cere-demisia-ministrului-culturii-andras-demeter-a-insultat-in-repetate-randuri-public-profesionisti-din-domeniul-culturii\/\" target=\"_blank\" rel=\"noopener\">Edupedu.ro<\/a>.<\/p>\n<p>Sindicatul nu se opre\u0219te aici, ci critic\u0103 \u0219i modul de organizare a concursurilor pentru conducerea unor institu\u021bii culturale importante, cum ar fi Opera Na\u021bional\u0103 Ia\u0219i \u0219i Teatrul Na\u021bional Bucure\u0219ti, men\u021bion\u00e2nd c\u0103 aceste proceduri \u201eau ridicat probleme serioase de credibilitate\u201d.<\/p>\n<p>\u201eDup\u0103 e\u0219uarea primului concurs pentru managementul TNB, Ministerul Culturii a modificat criteriile de participare \u00eentr-un mod discriminatoriu, elimin\u00e2nd candida\u021bi califica\u021bi prin condi\u021bii nejustificat de restrictive. Cu toate c\u0103 ministrul a declarat public c\u0103 nu va proceda astfel, actualul concurs nu are legitimitate, indiferent de cine va c\u00e2\u0219tiga\u201d, se mai arat\u0103 \u00een comunicatul sindicatului.<\/p>\n<p>Un alt subiect controversat pe agenda sindicatului este scandalul legat de emiterea \u0219i retragerea circularei referitoare la normarea birocratic\u0103 a muncii artistice. Ace\u0219tia subliniaz\u0103 c\u0103 \u201eemiterea \u0219i retragerea circularei (doar \u00een momentul \u00een care au \u00eenceput protestele) demonstreaz\u0103 o lips\u0103 de \u00een\u021belegere a specificului activit\u0103\u021bii culturale \u0219i o inconsecven\u021b\u0103 \u00een decizii\u201d.<\/p>\n<p>\u00cen cursul acestei s\u0103pt\u0103m\u00e2ni, actorii Teatrului Na\u021bional \u201eI.L. Caragiale\u201d au organizat un <a style=\"color: #0000ff\" href=\"https:\/\/www.mediafax.ro\/cultura-media\/protest-al-actorilor-tnb-ministrul-culturii-anunta-retragerea-propunerii-de-normare-a-muncii-artistilor-23684726\">protest<\/a> \u00een fa\u021ba institu\u021biei, critic\u00e2nd un proiect-pilot transmis de Ministerul Culturii privind organizarea unitar\u0103 \u0219i eviden\u021ba timpului de munc\u0103. La o zi dup\u0103 manifesta\u021bie, Andr\u00e1s Demeter a anun\u021bat <a style=\"color: #0000ff\" href=\"https:\/\/www.mediafax.ro\/cultura-media\/ministrul-culturii-face-un-pas-in-spate-dupa-protestele-actorilor-a-dispus-incetarea-masurilor-de-control-a-timpului-de-munca-in-institutiile-de-spectacol-23685488\">retragerea<\/a> instruc\u021biunilor prev\u0103zute \u00een Circulara nr. 965\/11.02.2026, ce viza suspendarea aplicabilit\u0103\u021bii m\u0103surilor \u0219i a demersurilor administrative legate de acestea.<\/p>\n","protected":false},"excerpt":{"rendered":"<p>Sindicatul actorilor de la Teatrul Na\u021bional \u201eI.L. Caragiale\u201d din Bucure\u0219ti a lansat o solicitare ferm\u0103 pentru demisia ministrului Culturii, Andr\u00e1s Demeter. Ace\u0219tia acuz\u0103 ministrul de comportamente inadecvate \u0219i de insulte repetate la adresa profesioni\u0219tilor din domeniul cultural. \u00centr-un comunicat de pres\u0103, sindicatul subliniaz\u0103 c\u0103 \u201ecomportamentul ministrului este incompatibil cu func\u021bia public\u0103\u201d, ad\u0103ug\u00e2nd c\u0103 deciziile acestuia [&hellip;]<\/p>\n","protected":false},"author":7,"featured_media":2969,"comment_status":"open","ping_status":"open","sticky":false,"template":"","format":"standard","meta":{"jnews-multi-image_gallery":[],"jnews_single_post":[],"jnews_primary_category":[],"jnews_override_counter":[],"footnotes":""},"categories":[43],"tags":[1504,343,4996,214,2079,1048,1837,4995],"class_list":["post-2968","post","type-post","status-publish","format-standard","has-post-thumbnail","hentry","category-cultura","tag-actori","tag-andras-demeter","tag-comportament-inadecvat","tag-cultura","tag-demisie","tag-respect","tag-sindicat","tag-teatrul-national"],"_links":{"self":[{"href":"https:\/\/www.newsrecorder.ro\/app\/wp-json\/wp\/v2\/posts\/2968","targetHints":{"allow":["GET"]}}],"collection":[{"href":"https:\/\/www.newsrecorder.ro\/app\/wp-json\/wp\/v2\/posts"}],"about":[{"href":"https:\/\/www.newsrecorder.ro\/app\/wp-json\/wp\/v2\/types\/post"}],"author":[{"embeddable":true,"href":"https:\/\/www.newsrecorder.ro\/app\/wp-json\/wp\/v2\/users\/7"}],"replies":[{"embeddable":true,"href":"https:\/\/www.newsrecorder.ro\/app\/wp-json\/wp\/v2\/comments?post=2968"}],"version-history":[{"count":0,"href":"https:\/\/www.newsrecorder.ro\/app\/wp-json\/wp\/v2\/posts\/2968\/revisions"}],"wp:featuredmedia":[{"embeddable":true,"href":"https:\/\/www.newsrecorder.ro\/app\/wp-json\/wp\/v2\/media\/2969"}],"wp:attachment":[{"href":"https:\/\/www.newsrecorder.ro\/app\/wp-json\/wp\/v2\/media?parent=2968"}],"wp:term":[{"taxonomy":"category","embeddable":true,"href":"https:\/\/www.newsrecorder.ro\/app\/wp-json\/wp\/v2\/categories?post=2968"},{"taxonomy":"post_tag","embeddable":true,"href":"https:\/\/www.newsrecorder.ro\/app\/wp-json\/wp\/v2\/tags?post=2968"}],"curies":[{"name":"wp","href":"https:\/\/api.w.org\/{rel}","templated":true}]}}